{"id":17336,"date":"2024-08-14T15:33:16","date_gmt":"2024-08-14T18:33:16","guid":{"rendered":"https:\/\/www.portalleonovais.com.br\/v1\/?p=17336"},"modified":"2024-08-14T15:53:14","modified_gmt":"2024-08-14T18:53:14","slug":"eleicoes-itabuna-a-disputa-pelo-prefeitura-da-cidade-sera-concorrida-por-5-candidatos","status":"publish","type":"post","link":"https:\/\/www.portalleonovais.com.br\/v1\/2024\/08\/14\/eleicoes-itabuna-a-disputa-pelo-prefeitura-da-cidade-sera-concorrida-por-5-candidatos\/","title":{"rendered":"Elei\u00e7\u00f5es Itabuna: A disputa pelo prefeitura da cidade ser\u00e1 concorrida por 5 candidatos"},"content":{"rendered":"<p style=\"text-align: justify;\">Itabuna, uma das principais cidades do sul da Bahia, ter\u00e1 cinco candidatos na corrida pela Prefeitura. Os nomes foram confirmados em conven\u00e7\u00f5es realizadas pelos partidos e coliga\u00e7\u00f5es at\u00e9 a \u00faltima segunda-feira (5). Agora, as chapas t\u00eam at\u00e9 amanh\u00e3 para serem oficialmente registradas na Justi\u00e7a Eleitoral.<\/p>\n<div id=\"attachment_17337\" style=\"width: 185px\" class=\"wp-caption aligncenter\"><img aria-describedby=\"caption-attachment-17337\" decoding=\"async\" loading=\"lazy\" class=\"wp-image-17337\" src=\"http:\/\/www.portalleonovais.com.br\/v1\/wp-content\/uploads\/2024\/08\/Captura-de-tela-2024-08-14-152117-258x300.jpg\" alt=\"\" width=\"175\" height=\"204\" srcset=\"https:\/\/www.portalleonovais.com.br\/v1\/wp-content\/uploads\/2024\/08\/Captura-de-tela-2024-08-14-152117-258x300.jpg 258w, https:\/\/www.portalleonovais.com.br\/v1\/wp-content\/uploads\/2024\/08\/Captura-de-tela-2024-08-14-152117.jpg 285w\" sizes=\"(max-width: 175px) 100vw, 175px\" \/><p id=\"caption-attachment-17337\" class=\"wp-caption-text\">Chico Fran\u00e7a (PL)<\/p><\/div>\n<p style=\"text-align: justify;\">O primeiro candidato a ser confirmado foi <strong>Chico Fran\u00e7a (PL)<\/strong>. Ele concorrer\u00e1 ao cargo de prefeito em chapa pura, tendo como vice a &#8220;Pastora Rosa&#8221;, Rosilda da Silva Santana. O PL n\u00e3o formou coliga\u00e7\u00f5es e lan\u00e7ou 22 candidatos a vereador.<\/p>\n<div id=\"attachment_17338\" style=\"width: 187px\" class=\"wp-caption aligncenter\"><img aria-describedby=\"caption-attachment-17338\" decoding=\"async\" loading=\"lazy\" class=\"wp-image-17338\" src=\"http:\/\/www.portalleonovais.com.br\/v1\/wp-content\/uploads\/2024\/08\/Captura-de-tela-2024-08-14-152150-231x300.jpg\" alt=\"\" width=\"177\" height=\"230\" srcset=\"https:\/\/www.portalleonovais.com.br\/v1\/wp-content\/uploads\/2024\/08\/Captura-de-tela-2024-08-14-152150-231x300.jpg 231w, https:\/\/www.portalleonovais.com.br\/v1\/wp-content\/uploads\/2024\/08\/Captura-de-tela-2024-08-14-152150.jpg 297w\" sizes=\"(max-width: 177px) 100vw, 177px\" \/><p id=\"caption-attachment-17338\" class=\"wp-caption-text\">Augusto Castro (PSD)<\/p><\/div>\n<p style=\"text-align: justify;\">O atual prefeito, <strong>Augusto Castro (PSD)<\/strong>, busca a reelei\u00e7\u00e3o ao lado de J\u00fanior Brand\u00e3o (PV), ex-secret\u00e1rio de Promo\u00e7\u00e3o Social da cidade. Eles lideram uma coliga\u00e7\u00e3o de 13 partidos que, juntos, lan\u00e7aram 242 candidatos a vereador.<\/p>\n<div id=\"attachment_17339\" style=\"width: 203px\" class=\"wp-caption aligncenter\"><img aria-describedby=\"caption-attachment-17339\" decoding=\"async\" loading=\"lazy\" class=\"wp-image-17339\" src=\"http:\/\/www.portalleonovais.com.br\/v1\/wp-content\/uploads\/2024\/08\/Captura-de-tela-2024-08-14-152231-275x300.jpg\" alt=\"\" width=\"193\" height=\"211\" srcset=\"https:\/\/www.portalleonovais.com.br\/v1\/wp-content\/uploads\/2024\/08\/Captura-de-tela-2024-08-14-152231-275x300.jpg 275w, https:\/\/www.portalleonovais.com.br\/v1\/wp-content\/uploads\/2024\/08\/Captura-de-tela-2024-08-14-152231.jpg 382w\" sizes=\"(max-width: 193px) 100vw, 193px\" \/><p id=\"caption-attachment-17339\" class=\"wp-caption-text\">Fabr\u00edcio Pancadinha (Solidariedade)<\/p><\/div>\n<p style=\"text-align: justify;\"><strong>Fabr\u00edcio Pancadinha (Solidariedade)<\/strong>, deputado estadual, tamb\u00e9m entrou na disputa, acompanhado de Diego Pitanga (MDB) como vice. A coliga\u00e7\u00e3o conta com seis partidos e lan\u00e7ou 130 candidatos a vereador.<\/p>\n<div id=\"attachment_17340\" style=\"width: 164px\" class=\"wp-caption aligncenter\"><img aria-describedby=\"caption-attachment-17340\" decoding=\"async\" loading=\"lazy\" class=\"wp-image-17340 \" src=\"http:\/\/www.portalleonovais.com.br\/v1\/wp-content\/uploads\/2024\/08\/Captura-de-tela-2024-08-14-152429.jpg\" alt=\"\" width=\"154\" height=\"221\" \/><p id=\"caption-attachment-17340\" class=\"wp-caption-text\">Cleonice Monteiro (PSOL)<\/p><\/div>\n<p style=\"text-align: justify;\"><strong>Cleonice Monteiro (PSOL)<\/strong> representa a Federa\u00e7\u00e3o PSOL-Rede e tem como vice a mestra de capoeira Vanessa Midlej. A coliga\u00e7\u00e3o lan\u00e7ou 21 candidatos a vereador.<\/p>\n<div id=\"attachment_17341\" style=\"width: 211px\" class=\"wp-caption aligncenter\"><img aria-describedby=\"caption-attachment-17341\" decoding=\"async\" loading=\"lazy\" class=\" wp-image-17341\" src=\"http:\/\/www.portalleonovais.com.br\/v1\/wp-content\/uploads\/2024\/08\/Captura-de-tela-2024-08-14-152309-245x300.jpg\" alt=\"\" width=\"201\" height=\"246\" srcset=\"https:\/\/www.portalleonovais.com.br\/v1\/wp-content\/uploads\/2024\/08\/Captura-de-tela-2024-08-14-152309-245x300.jpg 245w, https:\/\/www.portalleonovais.com.br\/v1\/wp-content\/uploads\/2024\/08\/Captura-de-tela-2024-08-14-152309.jpg 320w\" sizes=\"(max-width: 201px) 100vw, 201px\" \/><p id=\"caption-attachment-17341\" class=\"wp-caption-text\">Dr. Isaac Nery (PDT)<\/p><\/div>\n<p style=\"text-align: justify;\">Por fim, <strong>Dr. Isaac Nery (PDT)<\/strong>, suplente de deputado federal, \u00e9 o candidato do PDT, tendo Kak\u00e1 da PRF como vice. Sem coliga\u00e7\u00f5es, o partido lan\u00e7ou 22 candidatos a vereador.<\/p>\n<p style=\"text-align: justify;\">Os registros de candidaturas encerram amanh\u00e3, mas podem haver desist\u00eancias at\u00e9 o dia da elei\u00e7\u00f5es, ent\u00e3o, tudo pode mudar.<\/p>\n<p><img decoding=\"async\" loading=\"lazy\" class=\"aligncenter wp-image-17342\" src=\"http:\/\/www.portalleonovais.com.br\/v1\/wp-content\/uploads\/2024\/08\/Design-sem-nome5-300x169.jpg\" alt=\"\" width=\"5\" height=\"3\" srcset=\"https:\/\/www.portalleonovais.com.br\/v1\/wp-content\/uploads\/2024\/08\/Design-sem-nome5-300x169.jpg 300w, https:\/\/www.portalleonovais.com.br\/v1\/wp-content\/uploads\/2024\/08\/Design-sem-nome5.jpg 600w\" sizes=\"(max-width: 5px) 100vw, 5px\" \/><\/p>\n","protected":false},"excerpt":{"rendered":"<p>Itabuna, uma das principais cidades do sul da Bahia, ter\u00e1 cinco candidatos na corrida pela Prefeitura. Os nomes foram confirmados em conven\u00e7\u00f5es realizadas pelos partidos e coliga\u00e7\u00f5es at\u00e9 a \u00faltima segunda-feira (5). Agora, as chapas t\u00eam at\u00e9 amanh\u00e3 para serem oficialmente registradas na Justi\u00e7a Eleitoral. O primeiro candidato a ser confirmado foi Chico Fran\u00e7a (PL). [&hellip;]<\/p>\n","protected":false},"author":5,"featured_media":17342,"comment_status":"open","ping_status":"open","sticky":false,"template":"","format":"standard","meta":{"_links_to":"","_links_to_target":""},"categories":[521,525],"tags":[],"_links":{"self":[{"href":"https:\/\/www.portalleonovais.com.br\/v1\/wp-json\/wp\/v2\/posts\/17336"}],"collection":[{"href":"https:\/\/www.portalleonovais.com.br\/v1\/wp-json\/wp\/v2\/posts"}],"about":[{"href":"https:\/\/www.portalleonovais.com.br\/v1\/wp-json\/wp\/v2\/types\/post"}],"author":[{"embeddable":true,"href":"https:\/\/www.portalleonovais.com.br\/v1\/wp-json\/wp\/v2\/users\/5"}],"replies":[{"embeddable":true,"href":"https:\/\/www.portalleonovais.com.br\/v1\/wp-json\/wp\/v2\/comments?post=17336"}],"version-history":[{"count":2,"href":"https:\/\/www.portalleonovais.com.br\/v1\/wp-json\/wp\/v2\/posts\/17336\/revisions"}],"predecessor-version":[{"id":17344,"href":"https:\/\/www.portalleonovais.com.br\/v1\/wp-json\/wp\/v2\/posts\/17336\/revisions\/17344"}],"wp:featuredmedia":[{"embeddable":true,"href":"https:\/\/www.portalleonovais.com.br\/v1\/wp-json\/wp\/v2\/media\/17342"}],"wp:attachment":[{"href":"https:\/\/www.portalleonovais.com.br\/v1\/wp-json\/wp\/v2\/media?parent=17336"}],"wp:term":[{"taxonomy":"category","embeddable":true,"href":"https:\/\/www.portalleonovais.com.br\/v1\/wp-json\/wp\/v2\/categories?post=17336"},{"taxonomy":"post_tag","embeddable":true,"href":"https:\/\/www.portalleonovais.com.br\/v1\/wp-json\/wp\/v2\/tags?post=17336"}],"curies":[{"name":"wp","href":"https:\/\/api.w.org\/{rel}","templated":true}]}}