{"id":17360,"date":"2024-08-27T10:50:28","date_gmt":"2024-08-27T13:50:28","guid":{"rendered":"https:\/\/www.portalleonovais.com.br\/v1\/?p=17360"},"modified":"2024-08-27T10:50:28","modified_gmt":"2024-08-27T13:50:28","slug":"una-contas-de-2020-do-prefeito-tiago-de-dejair-sao-aprovadas-por-unanimidade-na-camara-de-vereadores","status":"publish","type":"post","link":"https:\/\/www.portalleonovais.com.br\/v1\/2024\/08\/27\/una-contas-de-2020-do-prefeito-tiago-de-dejair-sao-aprovadas-por-unanimidade-na-camara-de-vereadores\/","title":{"rendered":"Una: Contas de 2020 do prefeito Tiago de Dejair s\u00e3o aprovadas por unanimidade na c\u00e2mara de vereadores"},"content":{"rendered":"<p style=\"text-align: justify;\">Na sess\u00e3o de hoje da C\u00e2mara de Vereadores de Una, as contas do prefeito Tiago de Dejair referentes ao exerc\u00edcio de 2020 foram aprovadas por unanimidade. A sess\u00e3o, que contou com a presen\u00e7a de todos os vereadores, do prefeito e de um pequeno n\u00famero de cidad\u00e3os, foi marcada por momentos de reconhecimento ao trabalho do gestor.<\/p>\n<div id=\"attachment_17362\" style=\"width: 419px\" class=\"wp-caption aligncenter\"><img aria-describedby=\"caption-attachment-17362\" decoding=\"async\" loading=\"lazy\" class=\" wp-image-17362\" src=\"http:\/\/www.portalleonovais.com.br\/v1\/wp-content\/uploads\/2024\/08\/Captura-de-tela-2024-08-27-104435-300x137.jpg\" alt=\"\" width=\"409\" height=\"187\" srcset=\"https:\/\/www.portalleonovais.com.br\/v1\/wp-content\/uploads\/2024\/08\/Captura-de-tela-2024-08-27-104435-300x137.jpg 300w, https:\/\/www.portalleonovais.com.br\/v1\/wp-content\/uploads\/2024\/08\/Captura-de-tela-2024-08-27-104435.jpg 600w\" sizes=\"(max-width: 409px) 100vw, 409px\" \/><p id=\"caption-attachment-17362\" class=\"wp-caption-text\">Imagem: Vereadores da C\u00e2mara de Una.<\/p><\/div>\n<p style=\"text-align: justify;\">Durante a defesa de suas contas, Tiago de Dejair foi enf\u00e1tico ao afirmar: &#8220;Se reprovado, o prefeito \u00e9 ladr\u00e3o. Mas se aprovado, ningu\u00e9m discute o m\u00e9rito&#8221;.<\/p>\n<div id=\"attachment_17361\" style=\"width: 208px\" class=\"wp-caption alignleft\"><img aria-describedby=\"caption-attachment-17361\" decoding=\"async\" loading=\"lazy\" class=\"wp-image-17361 \" src=\"http:\/\/www.portalleonovais.com.br\/v1\/wp-content\/uploads\/2024\/08\/Captura-de-tela-2024-08-27-104402-300x296.jpg\" alt=\"\" width=\"198\" height=\"195\" srcset=\"https:\/\/www.portalleonovais.com.br\/v1\/wp-content\/uploads\/2024\/08\/Captura-de-tela-2024-08-27-104402-300x296.jpg 300w, https:\/\/www.portalleonovais.com.br\/v1\/wp-content\/uploads\/2024\/08\/Captura-de-tela-2024-08-27-104402.jpg 422w\" sizes=\"(max-width: 198px) 100vw, 198px\" \/><p id=\"caption-attachment-17361\" class=\"wp-caption-text\">Imagem: Prefeito Tiago de Dejair<\/p><\/div>\n<p style=\"text-align: justify;\">Ao continuar seu discurso, o prefeito, que est\u00e1 em seu \u00faltimo ano do segundo mandato, despediu-se com agradecimentos: &#8220;Estou me despedindo, esse \u00e9 o \u00faltimo ano [de aprova\u00e7\u00e3o de contas] do meu primeiro mandato. Voc\u00eas estiveram ao meu lado, em cada conquista e em cada desafio, muito obrigado!&#8221;. Suas palavras demonstraram gratid\u00e3o e reconhecimento pelo apoio recebido ao longo dos anos.<\/p>\n<p style=\"text-align: justify;\">Durante a sess\u00e3o, v\u00e1rios vereadores fizeram uso da palavra para elogiar o prefeito. As manifesta\u00e7\u00f5es foram un\u00e2nimes em destacar o compromisso, a transpar\u00eancia e a clareza com que Tiago conduziu as finan\u00e7as p\u00fablicas do munic\u00edpio, reafirmando a confian\u00e7a em sua administra\u00e7\u00e3o.<\/p>\n<p><img decoding=\"async\" loading=\"lazy\" class=\"aligncenter  wp-image-17361\" src=\"http:\/\/www.portalleonovais.com.br\/v1\/wp-content\/uploads\/2024\/08\/Captura-de-tela-2024-08-27-104402-300x296.jpg\" alt=\"\" width=\"5\" height=\"5\" srcset=\"https:\/\/www.portalleonovais.com.br\/v1\/wp-content\/uploads\/2024\/08\/Captura-de-tela-2024-08-27-104402-300x296.jpg 300w, https:\/\/www.portalleonovais.com.br\/v1\/wp-content\/uploads\/2024\/08\/Captura-de-tela-2024-08-27-104402-150x150.jpg 150w, https:\/\/www.portalleonovais.com.br\/v1\/wp-content\/uploads\/2024\/08\/Captura-de-tela-2024-08-27-104402.jpg 422w\" sizes=\"(max-width: 5px) 100vw, 5px\" \/><\/p>\n","protected":false},"excerpt":{"rendered":"<p>Na sess\u00e3o de hoje da C\u00e2mara de Vereadores de Una, as contas do prefeito Tiago de Dejair referentes ao exerc\u00edcio de 2020 foram aprovadas por unanimidade. A sess\u00e3o, que contou com a presen\u00e7a de todos os vereadores, do prefeito e de um pequeno n\u00famero de cidad\u00e3os, foi marcada por momentos de reconhecimento ao trabalho do [&hellip;]<\/p>\n","protected":false},"author":5,"featured_media":17361,"comment_status":"open","ping_status":"open","sticky":false,"template":"","format":"standard","meta":{"_links_to":"","_links_to_target":""},"categories":[521,525],"tags":[],"_links":{"self":[{"href":"https:\/\/www.portalleonovais.com.br\/v1\/wp-json\/wp\/v2\/posts\/17360"}],"collection":[{"href":"https:\/\/www.portalleonovais.com.br\/v1\/wp-json\/wp\/v2\/posts"}],"about":[{"href":"https:\/\/www.portalleonovais.com.br\/v1\/wp-json\/wp\/v2\/types\/post"}],"author":[{"embeddable":true,"href":"https:\/\/www.portalleonovais.com.br\/v1\/wp-json\/wp\/v2\/users\/5"}],"replies":[{"embeddable":true,"href":"https:\/\/www.portalleonovais.com.br\/v1\/wp-json\/wp\/v2\/comments?post=17360"}],"version-history":[{"count":3,"href":"https:\/\/www.portalleonovais.com.br\/v1\/wp-json\/wp\/v2\/posts\/17360\/revisions"}],"predecessor-version":[{"id":17365,"href":"https:\/\/www.portalleonovais.com.br\/v1\/wp-json\/wp\/v2\/posts\/17360\/revisions\/17365"}],"wp:featuredmedia":[{"embeddable":true,"href":"https:\/\/www.portalleonovais.com.br\/v1\/wp-json\/wp\/v2\/media\/17361"}],"wp:attachment":[{"href":"https:\/\/www.portalleonovais.com.br\/v1\/wp-json\/wp\/v2\/media?parent=17360"}],"wp:term":[{"taxonomy":"category","embeddable":true,"href":"https:\/\/www.portalleonovais.com.br\/v1\/wp-json\/wp\/v2\/categories?post=17360"},{"taxonomy":"post_tag","embeddable":true,"href":"https:\/\/www.portalleonovais.com.br\/v1\/wp-json\/wp\/v2\/tags?post=17360"}],"curies":[{"name":"wp","href":"https:\/\/api.w.org\/{rel}","templated":true}]}}