{"id":17738,"date":"2024-12-12T12:11:55","date_gmt":"2024-12-12T15:11:55","guid":{"rendered":"https:\/\/www.portalleonovais.com.br\/v1\/?p=17738"},"modified":"2024-12-12T12:11:55","modified_gmt":"2024-12-12T15:11:55","slug":"ilheus-valderico-junior-anuncia-novos-secretarios-para-governo","status":"publish","type":"post","link":"https:\/\/www.portalleonovais.com.br\/v1\/2024\/12\/12\/ilheus-valderico-junior-anuncia-novos-secretarios-para-governo\/","title":{"rendered":"Ilh\u00e9us: Valderico Junior anuncia novos secret\u00e1rios para governo"},"content":{"rendered":"<p style=\"text-align: justify;\">\n<div id=\"attachment_17739\" style=\"width: 310px\" class=\"wp-caption aligncenter\"><img aria-describedby=\"caption-attachment-17739\" decoding=\"async\" loading=\"lazy\" class=\"wp-image-17739 size-medium\" src=\"http:\/\/www.portalleonovais.com.br\/v1\/wp-content\/uploads\/2024\/12\/6AC3C801-9DE0-4B39-A1FC-FB6FECE3411B-300x200.jpeg\" alt=\"\" width=\"300\" height=\"200\" srcset=\"https:\/\/www.portalleonovais.com.br\/v1\/wp-content\/uploads\/2024\/12\/6AC3C801-9DE0-4B39-A1FC-FB6FECE3411B-300x200.jpeg 300w, https:\/\/www.portalleonovais.com.br\/v1\/wp-content\/uploads\/2024\/12\/6AC3C801-9DE0-4B39-A1FC-FB6FECE3411B.jpeg 600w\" sizes=\"(max-width: 300px) 100vw, 300px\" \/><p id=\"caption-attachment-17739\" class=\"wp-caption-text\">Fotos: Nadson Carvalho<\/p><\/div>\n<p style=\"text-align: justify;\">O prefeito eleito de Ilh\u00e9us, Valderico Junior, anunciou mais seis nomes que v\u00e3o compor a sua equipe de governo a partir de 1\u00ba de janeiro de 2025. O comunicado foi feito em coletiva de imprensa realizada nesta quinta-feira (12), no Ilh\u00e9us Praia Hotel.<\/p>\n<p style=\"text-align: justify;\">Ao abrir o evento, Valderico destacou que as escolhas visam unir renova\u00e7\u00e3o e experi\u00eancia, duas caracter\u00edsticas que &#8220;devem caminhar juntas&#8221;. Para o futuro gestor, a efici\u00eancia administrativa depende de uma atua\u00e7\u00e3o coletiva, na qual cada integrante do governo tem papel fundamental no objetivo maior que \u00e9 servir \u00e0 cidade:<\/p>\n<p style=\"text-align: justify;\">&#8220;N\u00e3o se faz gest\u00e3o sozinho. Cada pessoa tem uma miss\u00e3o a cumprir e precisa estar comprometida com o bem-estar de Ilh\u00e9us. Por isso, buscamos pessoas com compet\u00eancia t\u00e9cnica e vontade de trabalhar. Estou confiante!&#8221;, afirmou.<\/p>\n<p style=\"text-align: justify;\">Os novos secret\u00e1rios v\u00e3o liderar pastas consideradas essenciais para o in\u00edcio da gest\u00e3o. Confira os nomes e as respectivas secretarias:<\/p>\n<p style=\"text-align: justify;\">1. Cristiano Carvalho &#8211; Secretaria Municipal de Gest\u00e3o;<br \/>\n2. Evani Cavalcante &#8211; Secretaria Municipal de Educa\u00e7\u00e3o;<br \/>\n3. Vin\u00edcius Mendon\u00e7a &#8211; Secretaria Municipal de Juventude, Esporte e Lazer;<br \/>\n4. Paulo Ganem &#8211; Secretaria Municipal de Desenvolvimento Econ\u00f4mico e Inova\u00e7\u00e3o;<br \/>\n5. Maur\u00edcio Tavares &#8211; Secretaria Municipal de Turismo;<br \/>\n6. Gabriel Cerqueira &#8211; Secretaria Municipal de Infraestrutura e Defesa Civil.<\/p>\n<p style=\"text-align: justify;\">Os nomes anunciados somam-se \u00e0 lista de secret\u00e1rios j\u00e1 apresentados por Valderico, em coletiva no dia 29 de novembro. Na oportunidade, foram comunicadas as escolhas da vice-prefeita eleita, Wanessa Gedeon, para a Secretaria Municipal de Pol\u00edticas P\u00fablicas para as Mulheres, e Jos\u00e9 Victor, para a Secretaria Municipal do Interior. Tamb\u00e9m foram confirmados Michel Mendon\u00e7a como Procurador-Geral do Munic\u00edpio, Humberto Nascimento para a Controladoria-Geral, e Paulo Landi na Corregedoria-Geral.<\/p>\n<p style=\"text-align: justify;\">\n","protected":false},"excerpt":{"rendered":"<p>O prefeito eleito de Ilh\u00e9us, Valderico Junior, anunciou mais seis nomes que v\u00e3o compor a sua equipe de governo a partir de 1\u00ba de janeiro de 2025. O comunicado foi feito em coletiva de imprensa realizada nesta quinta-feira (12), no Ilh\u00e9us Praia Hotel. Ao abrir o evento, Valderico destacou que as escolhas visam unir renova\u00e7\u00e3o [&hellip;]<\/p>\n","protected":false},"author":2,"featured_media":17739,"comment_status":"open","ping_status":"open","sticky":false,"template":"","format":"standard","meta":{"_links_to":"","_links_to_target":""},"categories":[521],"tags":[3853],"_links":{"self":[{"href":"https:\/\/www.portalleonovais.com.br\/v1\/wp-json\/wp\/v2\/posts\/17738"}],"collection":[{"href":"https:\/\/www.portalleonovais.com.br\/v1\/wp-json\/wp\/v2\/posts"}],"about":[{"href":"https:\/\/www.portalleonovais.com.br\/v1\/wp-json\/wp\/v2\/types\/post"}],"author":[{"embeddable":true,"href":"https:\/\/www.portalleonovais.com.br\/v1\/wp-json\/wp\/v2\/users\/2"}],"replies":[{"embeddable":true,"href":"https:\/\/www.portalleonovais.com.br\/v1\/wp-json\/wp\/v2\/comments?post=17738"}],"version-history":[{"count":1,"href":"https:\/\/www.portalleonovais.com.br\/v1\/wp-json\/wp\/v2\/posts\/17738\/revisions"}],"predecessor-version":[{"id":17740,"href":"https:\/\/www.portalleonovais.com.br\/v1\/wp-json\/wp\/v2\/posts\/17738\/revisions\/17740"}],"wp:featuredmedia":[{"embeddable":true,"href":"https:\/\/www.portalleonovais.com.br\/v1\/wp-json\/wp\/v2\/media\/17739"}],"wp:attachment":[{"href":"https:\/\/www.portalleonovais.com.br\/v1\/wp-json\/wp\/v2\/media?parent=17738"}],"wp:term":[{"taxonomy":"category","embeddable":true,"href":"https:\/\/www.portalleonovais.com.br\/v1\/wp-json\/wp\/v2\/categories?post=17738"},{"taxonomy":"post_tag","embeddable":true,"href":"https:\/\/www.portalleonovais.com.br\/v1\/wp-json\/wp\/v2\/tags?post=17738"}],"curies":[{"name":"wp","href":"https:\/\/api.w.org\/{rel}","templated":true}]}}