{"id":17868,"date":"2025-01-22T22:54:52","date_gmt":"2025-01-23T01:54:52","guid":{"rendered":"https:\/\/www.portalleonovais.com.br\/v1\/?p=17868"},"modified":"2025-01-22T23:44:56","modified_gmt":"2025-01-23T02:44:56","slug":"bafaue-leo-novais-prestigia-aniversario-de-60-anos-de-beto-jamaica-em-lauro-de-freitas","status":"publish","type":"post","link":"https:\/\/www.portalleonovais.com.br\/v1\/2025\/01\/22\/bafaue-leo-novais-prestigia-aniversario-de-60-anos-de-beto-jamaica-em-lauro-de-freitas\/","title":{"rendered":"Bafau\u00ea: Leo Novais prestigia anivers\u00e1rio de 60 anos de Beto Jamaica em Lauro de Freitas"},"content":{"rendered":"<p style=\"text-align: justify;\">Nesta quarta-feira (21), Beto Jamaica, vocalista ic\u00f4nico do grupo \u00c9 o Tchan, celebrou seus 60 anos de vida e 40 anos de uma carreira brilhante em uma festa memor\u00e1vel realizada em Lauro de Freitas, na Regi\u00e3o Metropolitana de Salvador. O evento reuniu diversas personalidades do mundo art\u00edstico e amigos pr\u00f3ximos do cantor, transformando a celebra\u00e7\u00e3o em um encontro de talento, m\u00fasica e alegria.<\/p>\n<div id=\"attachment_17869\" style=\"width: 310px\" class=\"wp-caption aligncenter\"><img aria-describedby=\"caption-attachment-17869\" decoding=\"async\" loading=\"lazy\" class=\"wp-image-17869 size-medium\" src=\"http:\/\/www.portalleonovais.com.br\/v1\/wp-content\/uploads\/2025\/01\/Captura-de-tela-2025-01-22-225315-300x230.jpg\" alt=\"\" width=\"300\" height=\"230\" srcset=\"https:\/\/www.portalleonovais.com.br\/v1\/wp-content\/uploads\/2025\/01\/Captura-de-tela-2025-01-22-225315-300x230.jpg 300w, https:\/\/www.portalleonovais.com.br\/v1\/wp-content\/uploads\/2025\/01\/Captura-de-tela-2025-01-22-225315.jpg 438w\" sizes=\"(max-width: 300px) 100vw, 300px\" \/><p id=\"caption-attachment-17869\" class=\"wp-caption-text\">Leo Novais prestigia anivers\u00e1rio de 60 anos de Beto Jamaica em Lauro de Freitas<\/p><\/div>\n<p style=\"text-align: justify;\">Entre os convidados, o blogueiro e produtor cultural, Leo Novais, marcou presen\u00e7a e demonstrou sua admira\u00e7\u00e3o pelo anfitri\u00e3o. &#8220;Eu me sinto honrado em ser convidado para o seu anivers\u00e1rio. O anivers\u00e1rio \u00e9 seu, mas quem ganha o presente sou eu&#8221;, declarou Leo, destacando o impacto de Beto Jamaica em sua vida.<\/p>\n<p style=\"text-align: justify;\">A festa contou com momentos de pura nostalgia, com hits que marcaram gera\u00e7\u00f5es, al\u00e9m de apresenta\u00e7\u00f5es de artistas amigos que prestaram homenagens ao aniversariante. Beto Jamaica, conhecido por seu carisma e energia, agradeceu emocionado aos presentes, celebrando n\u00e3o apenas o marco pessoal, mas tamb\u00e9m os anos dedicados \u00e0 m\u00fasica e \u00e0 cultura popular.<\/p>\n","protected":false},"excerpt":{"rendered":"<p>Nesta quarta-feira (21), Beto Jamaica, vocalista ic\u00f4nico do grupo \u00c9 o Tchan, celebrou seus 60 anos de vida e 40 anos de uma carreira brilhante em uma festa memor\u00e1vel realizada em Lauro de Freitas, na Regi\u00e3o Metropolitana de Salvador. O evento reuniu diversas personalidades do mundo art\u00edstico e amigos pr\u00f3ximos do cantor, transformando a celebra\u00e7\u00e3o [&hellip;]<\/p>\n","protected":false},"author":5,"featured_media":17869,"comment_status":"open","ping_status":"open","sticky":false,"template":"","format":"standard","meta":{"_links_to":"","_links_to_target":""},"categories":[522],"tags":[],"_links":{"self":[{"href":"https:\/\/www.portalleonovais.com.br\/v1\/wp-json\/wp\/v2\/posts\/17868"}],"collection":[{"href":"https:\/\/www.portalleonovais.com.br\/v1\/wp-json\/wp\/v2\/posts"}],"about":[{"href":"https:\/\/www.portalleonovais.com.br\/v1\/wp-json\/wp\/v2\/types\/post"}],"author":[{"embeddable":true,"href":"https:\/\/www.portalleonovais.com.br\/v1\/wp-json\/wp\/v2\/users\/5"}],"replies":[{"embeddable":true,"href":"https:\/\/www.portalleonovais.com.br\/v1\/wp-json\/wp\/v2\/comments?post=17868"}],"version-history":[{"count":3,"href":"https:\/\/www.portalleonovais.com.br\/v1\/wp-json\/wp\/v2\/posts\/17868\/revisions"}],"predecessor-version":[{"id":17872,"href":"https:\/\/www.portalleonovais.com.br\/v1\/wp-json\/wp\/v2\/posts\/17868\/revisions\/17872"}],"wp:featuredmedia":[{"embeddable":true,"href":"https:\/\/www.portalleonovais.com.br\/v1\/wp-json\/wp\/v2\/media\/17869"}],"wp:attachment":[{"href":"https:\/\/www.portalleonovais.com.br\/v1\/wp-json\/wp\/v2\/media?parent=17868"}],"wp:term":[{"taxonomy":"category","embeddable":true,"href":"https:\/\/www.portalleonovais.com.br\/v1\/wp-json\/wp\/v2\/categories?post=17868"},{"taxonomy":"post_tag","embeddable":true,"href":"https:\/\/www.portalleonovais.com.br\/v1\/wp-json\/wp\/v2\/tags?post=17868"}],"curies":[{"name":"wp","href":"https:\/\/api.w.org\/{rel}","templated":true}]}}