{"id":17893,"date":"2025-01-30T23:04:06","date_gmt":"2025-01-31T02:04:06","guid":{"rendered":"https:\/\/www.portalleonovais.com.br\/v1\/?p=17893"},"modified":"2025-01-30T23:04:06","modified_gmt":"2025-01-31T02:04:06","slug":"canavieiras-juiz-acata-acao-judicial-por-abuso-de-poder-economico-da-chapa-do-prefeito-paulo-carvalho","status":"publish","type":"post","link":"https:\/\/www.portalleonovais.com.br\/v1\/2025\/01\/30\/canavieiras-juiz-acata-acao-judicial-por-abuso-de-poder-economico-da-chapa-do-prefeito-paulo-carvalho\/","title":{"rendered":"Canavieiras: Ju\u00edz acata a\u00e7\u00e3o judicial por abuso de poder econ\u00f4mico da chapa do prefeito Paulo Carvalho"},"content":{"rendered":"<p style=\"text-align: justify;\">\n<img decoding=\"async\" loading=\"lazy\" class=\"size-medium wp-image-17894 alignleft\" src=\"http:\/\/www.portalleonovais.com.br\/v1\/wp-content\/uploads\/2025\/01\/IMG_2427-300x169.jpeg\" alt=\"\" width=\"300\" height=\"169\" srcset=\"https:\/\/www.portalleonovais.com.br\/v1\/wp-content\/uploads\/2025\/01\/IMG_2427-300x169.jpeg 300w, https:\/\/www.portalleonovais.com.br\/v1\/wp-content\/uploads\/2025\/01\/IMG_2427.jpeg 600w\" sizes=\"(max-width: 300px) 100vw, 300px\" \/><\/p>\n<p style=\"text-align: justify;\">A Justi\u00e7a eleitoral da 116\u00aa Zona Eleitoral de Canavieiras BA, atrav\u00e9s do Juiz Eleitoral Dr. Bruno Borges Lima Damas, proferiu nesta \u00faltima ter\u00e7a-feira (dia 28), decis\u00e3o favor\u00e1vel ao prosseguimento do feito da A\u00e7\u00e3o de Investiga\u00e7\u00e3o Judicial Eleitoral (AIJE) movida contra o prefeito de Canavieiras, Paulo Carvalho (AVANTE), e seu vice, Jos\u00e9 Carlos Costa Guimar\u00e3es.<\/p>\n<p style=\"text-align: justify;\">O Minist\u00e9rio P\u00fablico Eleitoral, da 116\u00aa Zona Eleitoral de Canavieiras BA, tamb\u00e9m se manifestou ciente e requereu o prosseguimento da A\u00e7\u00e3o de Investiga\u00e7\u00e3o Judicial Eleitoral (AIJE).<\/p>\n<p style=\"text-align: justify;\">A a\u00e7\u00e3o foi proposta pela coliga\u00e7\u00e3o O NOVO PARA MUDAR, que teve como candidato Edmar Luz, que ficou em segundo lugar na \u00faltima elei\u00e7\u00e3o em Canavieiras, aponta que os candidatos eleitos promoveram atos de campanha com uso excessivo de recursos financeiros, resultando em desequil\u00edbrio no pleito. Entre os eventos citados, destaca-se que nos dias dos eventos da coliga\u00e7\u00e3o investigada, as unidades de sa\u00fade e escolas municipais foram fechadas, al\u00e9m da distribui\u00e7\u00e3o gratuita de cervejas em tais eventos. Outros pontos foram que os ve\u00edculos de campanha da coliga\u00e7\u00e3o eram guardados e faziam manuten\u00e7\u00f5es na Garagem Municipal, al\u00e9m disto, a promessa compartilhada nas redes socias da realiza\u00e7\u00e3o de um evento com cantor renomado caso a coliga\u00e7\u00e3o investigada ganhasse a elei\u00e7\u00e3o.<\/p>\n<p style=\"text-align: justify;\">A decis\u00e3o caber\u00e1 \u00e0 Justi\u00e7a Eleitoral da 116\u00aa Zona Eleitoral, que designou audi\u00eancia de instru\u00e7\u00e3o e julgamento para o dia 17 de fevereiro de 2025 \u00e1s 13h30min, a qual poder\u00e1 determinar desde multas at\u00e9 a cassa\u00e7\u00e3o dos mandatos do prefeito e seu vice.<\/p>\n<p style=\"text-align: justify;\">Paulo Carvalho (Avante) \u00e9 prefeito de Canavieiras desde novembro de 2023, ap\u00f3s uma articula\u00e7\u00e3o pol\u00edtica da c\u00e2mara de vereadores. Desde que assumiu seu primeiro mandato, s\u00e3o levantadas d\u00favidas sobre a transpar\u00eancia de sua gest\u00e3o. \u00a0Com a confian\u00e7a da sua gest\u00e3o em xeque, Paulo Carvalho pode ter seu mandato cassado.<\/p>\n<p>&nbsp;<\/p>\n","protected":false},"excerpt":{"rendered":"<p>A Justi\u00e7a eleitoral da 116\u00aa Zona Eleitoral de Canavieiras BA, atrav\u00e9s do Juiz Eleitoral Dr. Bruno Borges Lima Damas, proferiu nesta \u00faltima ter\u00e7a-feira (dia 28), decis\u00e3o favor\u00e1vel ao prosseguimento do feito da A\u00e7\u00e3o de Investiga\u00e7\u00e3o Judicial Eleitoral (AIJE) movida contra o prefeito de Canavieiras, Paulo Carvalho (AVANTE), e seu vice, Jos\u00e9 Carlos Costa Guimar\u00e3es. O [&hellip;]<\/p>\n","protected":false},"author":2,"featured_media":17894,"comment_status":"open","ping_status":"open","sticky":false,"template":"","format":"standard","meta":{"_links_to":"","_links_to_target":""},"categories":[522],"tags":[3896],"_links":{"self":[{"href":"https:\/\/www.portalleonovais.com.br\/v1\/wp-json\/wp\/v2\/posts\/17893"}],"collection":[{"href":"https:\/\/www.portalleonovais.com.br\/v1\/wp-json\/wp\/v2\/posts"}],"about":[{"href":"https:\/\/www.portalleonovais.com.br\/v1\/wp-json\/wp\/v2\/types\/post"}],"author":[{"embeddable":true,"href":"https:\/\/www.portalleonovais.com.br\/v1\/wp-json\/wp\/v2\/users\/2"}],"replies":[{"embeddable":true,"href":"https:\/\/www.portalleonovais.com.br\/v1\/wp-json\/wp\/v2\/comments?post=17893"}],"version-history":[{"count":1,"href":"https:\/\/www.portalleonovais.com.br\/v1\/wp-json\/wp\/v2\/posts\/17893\/revisions"}],"predecessor-version":[{"id":17895,"href":"https:\/\/www.portalleonovais.com.br\/v1\/wp-json\/wp\/v2\/posts\/17893\/revisions\/17895"}],"wp:featuredmedia":[{"embeddable":true,"href":"https:\/\/www.portalleonovais.com.br\/v1\/wp-json\/wp\/v2\/media\/17894"}],"wp:attachment":[{"href":"https:\/\/www.portalleonovais.com.br\/v1\/wp-json\/wp\/v2\/media?parent=17893"}],"wp:term":[{"taxonomy":"category","embeddable":true,"href":"https:\/\/www.portalleonovais.com.br\/v1\/wp-json\/wp\/v2\/categories?post=17893"},{"taxonomy":"post_tag","embeddable":true,"href":"https:\/\/www.portalleonovais.com.br\/v1\/wp-json\/wp\/v2\/tags?post=17893"}],"curies":[{"name":"wp","href":"https:\/\/api.w.org\/{rel}","templated":true}]}}