{"id":18215,"date":"2025-07-17T06:56:11","date_gmt":"2025-07-17T09:56:11","guid":{"rendered":"https:\/\/www.portalleonovais.com.br\/v1\/?p=18215"},"modified":"2025-07-17T06:59:54","modified_gmt":"2025-07-17T09:59:54","slug":"una-destaque-na-alfabetizacao-entre-as-cidades-baianas-confira-a-reportagem","status":"publish","type":"post","link":"https:\/\/www.portalleonovais.com.br\/v1\/2025\/07\/17\/una-destaque-na-alfabetizacao-entre-as-cidades-baianas-confira-a-reportagem\/","title":{"rendered":"Una: Destaque na alfabetiza\u00e7\u00e3o entre as cidades baianas, confira a reportagem"},"content":{"rendered":"<p style=\"text-align: justify;\" data-start=\"186\" data-end=\"425\">O munic\u00edpio de Una alcan\u00e7ou uma importante coloca\u00e7\u00e3o na \u00e1rea da educa\u00e7\u00e3o. A cidade registrou um salto no \u00edndice de alfabetiza\u00e7\u00e3o, saindo de 37,8% para 58,16%, ocupando agora a 14\u00aa lugar entre os 398 munic\u00edpios avaliados no estado da Bahia.<\/p>\n<div id=\"attachment_18207\" style=\"width: 353px\" class=\"wp-caption aligncenter\"><img aria-describedby=\"caption-attachment-18207\" decoding=\"async\" loading=\"lazy\" class=\"wp-image-18207\" src=\"http:\/\/www.portalleonovais.com.br\/v1\/wp-content\/uploads\/2025\/07\/Captura-de-tela-2025-07-17-064119.jpg\" alt=\"\" width=\"343\" height=\"183\" \/><p id=\"caption-attachment-18207\" class=\"wp-caption-text\">Una: Cidade \u00e9 destaque na alfabetiza\u00e7\u00e3o entre as cidades baianas, confira a reportagem<\/p><\/div>\n<p style=\"text-align: justify;\" data-start=\"427\" data-end=\"917\">O resultado \u00e9 reflexo de um trabalho cont\u00ednuo, constru\u00eddo ao longo de diferentes gest\u00f5es. A evolu\u00e7\u00e3o come\u00e7ou com os investimentos realizados ainda na administra\u00e7\u00e3o do ex-prefeito <strong>Dejair<\/strong>, respons\u00e1vel por ampliar o n\u00famero escolas pelo munic\u00edpio. Na sequ\u00eancia, o ex-prefeito <strong>Tiago Birschner<\/strong> impulsionou ainda mais a educa\u00e7\u00e3o, com a implanta\u00e7\u00e3o do ensino em tempo integral, climatiza\u00e7\u00e3o das salas de aula, a efetiva\u00e7\u00e3o dos repasses de precat\u00f3rios aos profissionais da \u00e1rea, trouxe diversos \u00f4nibus durante o mandato, e al\u00e9m disso, trouxe um modelo de parcerias com diversos institutos que ajudou a alavancar os \u00edndices.<\/p>\n<blockquote>\n<p data-start=\"427\" data-end=\"917\">Esse \u00e9 um presente que a gente precisa comemorar! Destacou Rog\u00e9rio<\/p>\n<\/blockquote>\n<p style=\"text-align: justify;\" data-start=\"919\" data-end=\"1181\" data-is-last-node=\"\" data-is-only-node=\"\">O atual prefeito, <strong>Rog\u00e9rio Borges<\/strong>, que foi secret\u00e1rio de educa\u00e7\u00e3o, destaca que esse \u00e9 um presente para toda a popula\u00e7\u00e3o e um motivo de grande comemora\u00e7\u00e3o. Mais do que n\u00fameros, o progresso de Una representa o fortalecimento de um compromisso coletivo com o futuro das crian\u00e7as e jovens da cidade. A atual secret\u00e1ria de Educa\u00e7\u00e3o, <strong>Ana Francisca<\/strong>, tem se destacado desde a gest\u00e3o do ex-prefeito Tiago, com diversas a\u00e7\u00f5es inovadoras que contribu\u00edram para o munic\u00edpio alcan\u00e7ar esse resultado.<\/p>\n<p data-start=\"919\" data-end=\"1181\" data-is-last-node=\"\" data-is-only-node=\"\"><em>Confira a reportagem da TV Bahia:<\/em><\/p>\n<blockquote class=\"instagram-media\" style=\"background: #FFF; border: 0; border-radius: 3px; box-shadow: 0 0 1px 0 rgba(0,0,0,0.5),0 1px 10px 0 rgba(0,0,0,0.15); margin: 1px; max-width: 540px; min-width: 326px; padding: 0; width: calc(100% - 2px);\" data-instgrm-captioned=\"\" data-instgrm-permalink=\"https:\/\/www.instagram.com\/reel\/DMNDOifuZ1K\/?utm_source=ig_embed&amp;utm_campaign=loading\" data-instgrm-version=\"14\">\n<div style=\"padding: 16px;\">\n<p>&nbsp;<\/p>\n<div style=\"display: flex; flex-direction: row; align-items: center;\">\n<div style=\"background-color: #f4f4f4; border-radius: 50%; flex-grow: 0; height: 40px; margin-right: 14px; width: 40px;\"><\/div>\n<div style=\"display: flex; flex-direction: column; flex-grow: 1; justify-content: center;\">\n<div style=\"background-color: #f4f4f4; border-radius: 4px; flex-grow: 0; height: 14px; margin-bottom: 6px; width: 100px;\"><\/div>\n<div style=\"background-color: #f4f4f4; border-radius: 4px; flex-grow: 0; height: 14px; width: 60px;\"><\/div>\n<\/div>\n<\/div>\n<div style=\"padding: 19% 0;\"><\/div>\n<div style=\"display: block; height: 50px; margin: 0 auto 12px; width: 50px;\"><\/div>\n<div style=\"padding-top: 8px;\">\n<div style=\"color: #3897f0; font-family: Arial,sans-serif; font-size: 14px; font-style: normal; font-weight: 550; line-height: 18px;\">Ver essa foto no Instagram<\/div>\n<\/div>\n<div style=\"padding: 12.5% 0;\"><\/div>\n<div style=\"display: flex; flex-direction: row; margin-bottom: 14px; align-items: center;\">\n<div>\n<div style=\"background-color: #f4f4f4; border-radius: 50%; height: 12.5px; width: 12.5px; transform: translateX(0px) translateY(7px);\"><\/div>\n<div style=\"background-color: #f4f4f4; height: 12.5px; transform: rotate(-45deg) translateX(3px) translateY(1px); width: 12.5px; flex-grow: 0; margin-right: 14px; margin-left: 2px;\"><\/div>\n<div style=\"background-color: #f4f4f4; border-radius: 50%; height: 12.5px; width: 12.5px; transform: translateX(9px) translateY(-18px);\"><\/div>\n<\/div>\n<div style=\"margin-left: 8px;\">\n<div style=\"background-color: #f4f4f4; border-radius: 50%; flex-grow: 0; height: 20px; width: 20px;\"><\/div>\n<div style=\"width: 0; height: 0; border-top: 2px solid transparent; border-left: 6px solid #f4f4f4; border-bottom: 2px solid transparent; transform: translateX(16px) translateY(-4px) rotate(30deg);\"><\/div>\n<\/div>\n<div style=\"margin-left: auto;\">\n<div style=\"width: 0px; border-top: 8px solid #F4F4F4; border-right: 8px solid transparent; transform: translateY(16px);\"><\/div>\n<div style=\"background-color: #f4f4f4; flex-grow: 0; height: 12px; width: 16px; transform: translateY(-4px);\"><\/div>\n<div style=\"width: 0; height: 0; border-top: 8px solid #F4F4F4; border-left: 8px solid transparent; transform: translateY(-4px) translateX(8px);\"><\/div>\n<\/div>\n<\/div>\n<div style=\"display: flex; flex-direction: column; flex-grow: 1; justify-content: center; margin-bottom: 24px;\">\n<div style=\"background-color: #f4f4f4; border-radius: 4px; flex-grow: 0; height: 14px; margin-bottom: 6px; width: 224px;\"><\/div>\n<div style=\"background-color: #f4f4f4; border-radius: 4px; flex-grow: 0; height: 14px; width: 144px;\"><\/div>\n<\/div>\n<p>&nbsp;<\/p>\n<p style=\"color: #c9c8cd; font-family: Arial,sans-serif; font-size: 14px; line-height: 17px; margin-bottom: 0; margin-top: 8px; overflow: hidden; padding: 8px 0 7px; text-align: center; text-overflow: ellipsis; white-space: nowrap;\"><a style=\"color: #c9c8cd; font-family: Arial,sans-serif; font-size: 14px; font-style: normal; font-weight: normal; line-height: 17px; text-decoration: none;\" href=\"https:\/\/www.instagram.com\/reel\/DMNDOifuZ1K\/?utm_source=ig_embed&amp;utm_campaign=loading\" target=\"_blank\" rel=\"noopener\">Uma publica\u00e7\u00e3o compartilhada por Portal Leo Novais (@portalleonovais)<\/a><\/p>\n<\/div>\n<\/blockquote>\n<p><script async src=\"\/\/www.instagram.com\/embed.js\"><\/script><\/p>\n<p style=\"text-align: justify;\">Apesar de munic\u00edpios como Una conquistarem avan\u00e7os importantes na alfabetiza\u00e7\u00e3o, os dados gerais da Bahia ainda preocupam. O estado apresentou o menor percentual de crian\u00e7as alfabetizadas do Brasil, segundo o Indicador Crian\u00e7a Alfabetizada, divulgado pelo Minist\u00e9rio da Educa\u00e7\u00e3o (MEC) na \u00faltima sexta-feira (11).<\/p>\n<p style=\"text-align: justify;\">De acordo com o levantamento, apenas 36% das crian\u00e7as matriculadas no 2\u00ba ano do ensino fundamental em escolas p\u00fablicas baianas conseguem ler e escrever textos simples. O \u00edndice est\u00e1 muito abaixo da meta nacional para 2024, que previa que pelo menos 60% das crian\u00e7as estivessem alfabetizadas at\u00e9 os sete anos de idade.O cen\u00e1rio evidencia a urg\u00eancia de pol\u00edticas p\u00fablicas mais eficazes para garantir o direito \u00e0 alfabetiza\u00e7\u00e3o na idade certa. A proje\u00e7\u00e3o do governo federal \u00e9 alcan\u00e7ar 80% de crian\u00e7as alfabetizadas at\u00e9 2030, mas os n\u00fameros atuais mostram que ainda h\u00e1 um longo caminho a ser percorrido, especialmente nas regi\u00f5es Norte e Nordeste.<\/p>\n<h3 data-start=\"2068\" data-end=\"2132\">Ranking de alfabetiza\u00e7\u00e3o por estado (do maior para o menor):<\/h3>\n<ol data-start=\"2134\" data-end=\"2799\">\n<li data-start=\"2134\" data-end=\"2152\">\n<p data-start=\"2137\" data-end=\"2152\">Cear\u00e1 \u2013 85,3%<\/p>\n<\/li>\n<li data-start=\"2153\" data-end=\"2171\">\n<p data-start=\"2156\" data-end=\"2171\">Goi\u00e1s \u2013 72,7%<\/p>\n<\/li>\n<li data-start=\"2172\" data-end=\"2197\">\n<p data-start=\"2175\" data-end=\"2197\">Minas Gerais \u2013 72,1%<\/p>\n<\/li>\n<li data-start=\"2198\" data-end=\"2225\">\n<p data-start=\"2201\" data-end=\"2225\">Esp\u00edrito Santo \u2013 71,7%<\/p>\n<\/li>\n<li data-start=\"2226\" data-end=\"2245\">\n<p data-start=\"2229\" data-end=\"2245\">Paran\u00e1 \u2013 70,4%<\/p>\n<\/li>\n<li data-start=\"2246\" data-end=\"2267\">\n<p data-start=\"2249\" data-end=\"2267\">Rond\u00f4nia \u2013 62,6%<\/p>\n<\/li>\n<li data-start=\"2268\" data-end=\"2295\">\n<p data-start=\"2271\" data-end=\"2295\">Santa Catarina \u2013 62,0%<\/p>\n<\/li>\n<li data-start=\"2296\" data-end=\"2319\">\n<p data-start=\"2299\" data-end=\"2319\">Pernambuco \u2013 60,8%<\/p>\n<\/li>\n<li data-start=\"2320\" data-end=\"2344\">\n<p data-start=\"2323\" data-end=\"2344\">Mato Grosso \u2013 60,6%<\/p>\n<\/li>\n<li data-start=\"2345\" data-end=\"2364\">\n<p data-start=\"2349\" data-end=\"2364\">Piau\u00ed \u2013 59,8%<\/p>\n<\/li>\n<li data-start=\"2365\" data-end=\"2387\">\n<p data-start=\"2369\" data-end=\"2387\">Maranh\u00e3o \u2013 59,6%<\/p>\n<\/li>\n<li data-start=\"2388\" data-end=\"2418\">\n<p data-start=\"2392\" data-end=\"2418\">Distrito Federal \u2013 59,1%<\/p>\n<\/li>\n<li data-start=\"2419\" data-end=\"2442\">\n<p data-start=\"2423\" data-end=\"2442\">S\u00e3o Paulo \u2013 58,1%<\/p>\n<\/li>\n<li data-start=\"2443\" data-end=\"2464\">\n<p data-start=\"2447\" data-end=\"2464\">Para\u00edba \u2013 56,0%<\/p>\n<\/li>\n<li data-start=\"2465\" data-end=\"2497\">\n<p data-start=\"2469\" data-end=\"2497\">Mato Grosso do Sul \u2013 55,9%<\/p>\n<\/li>\n<li data-start=\"2498\" data-end=\"2526\">\n<p data-start=\"2502\" data-end=\"2526\">Rio de Janeiro \u2013 55,3%<\/p>\n<\/li>\n<li data-start=\"2527\" data-end=\"2550\">\n<p data-start=\"2531\" data-end=\"2550\">Tocantins \u2013 50,1%<\/p>\n<\/li>\n<li data-start=\"2551\" data-end=\"2569\">\n<p data-start=\"2555\" data-end=\"2569\">Acre \u2013 51,4%<\/p>\n<\/li>\n<li data-start=\"2570\" data-end=\"2592\">\n<p data-start=\"2574\" data-end=\"2592\">Amazonas \u2013 49,2%<\/p>\n<\/li>\n<li data-start=\"2593\" data-end=\"2614\">\n<p data-start=\"2597\" data-end=\"2614\">Alagoas \u2013 48,6%<\/p>\n<\/li>\n<li data-start=\"2615\" data-end=\"2633\">\n<p data-start=\"2619\" data-end=\"2633\">Par\u00e1 \u2013 48,2%<\/p>\n<\/li>\n<li data-start=\"2634\" data-end=\"2653\">\n<p data-start=\"2638\" data-end=\"2653\">Amap\u00e1 \u2013 46,6%<\/p>\n<\/li>\n<li data-start=\"2654\" data-end=\"2685\">\n<p data-start=\"2658\" data-end=\"2685\">Rio Grande do Sul \u2013 44,7%<\/p>\n<\/li>\n<li data-start=\"2686\" data-end=\"2719\">\n<p data-start=\"2690\" data-end=\"2719\">Rio Grande do Norte \u2013 39,3%<\/p>\n<\/li>\n<li data-start=\"2720\" data-end=\"2741\">\n<p data-start=\"2724\" data-end=\"2741\">Sergipe \u2013 38,4%<\/p>\n<\/li>\n<li data-start=\"2742\" data-end=\"2765\">\n<p data-start=\"2746\" data-end=\"2765\"><strong data-start=\"2746\" data-end=\"2763\">Bahia \u2013 36,0%<\/strong><\/p>\n<\/li>\n<li data-start=\"2766\" data-end=\"2799\">\n<p data-start=\"2770\" data-end=\"2799\">Roraima \u2013 dados n\u00e3o coletados<\/p>\n<\/li>\n<\/ol>\n","protected":false},"excerpt":{"rendered":"<p>O munic\u00edpio de Una alcan\u00e7ou uma importante coloca\u00e7\u00e3o na \u00e1rea da educa\u00e7\u00e3o. A cidade registrou um salto no \u00edndice de alfabetiza\u00e7\u00e3o, saindo de 37,8% para 58,16%, ocupando agora a 14\u00aa lugar entre os 398 munic\u00edpios avaliados no estado da Bahia. O resultado \u00e9 reflexo de um trabalho cont\u00ednuo, constru\u00eddo ao longo de diferentes gest\u00f5es. A [&hellip;]<\/p>\n","protected":false},"author":5,"featured_media":18207,"comment_status":"open","ping_status":"open","sticky":false,"template":"","format":"standard","meta":{"_links_to":"","_links_to_target":""},"categories":[523,525],"tags":[],"_links":{"self":[{"href":"https:\/\/www.portalleonovais.com.br\/v1\/wp-json\/wp\/v2\/posts\/18215"}],"collection":[{"href":"https:\/\/www.portalleonovais.com.br\/v1\/wp-json\/wp\/v2\/posts"}],"about":[{"href":"https:\/\/www.portalleonovais.com.br\/v1\/wp-json\/wp\/v2\/types\/post"}],"author":[{"embeddable":true,"href":"https:\/\/www.portalleonovais.com.br\/v1\/wp-json\/wp\/v2\/users\/5"}],"replies":[{"embeddable":true,"href":"https:\/\/www.portalleonovais.com.br\/v1\/wp-json\/wp\/v2\/comments?post=18215"}],"version-history":[{"count":3,"href":"https:\/\/www.portalleonovais.com.br\/v1\/wp-json\/wp\/v2\/posts\/18215\/revisions"}],"predecessor-version":[{"id":18218,"href":"https:\/\/www.portalleonovais.com.br\/v1\/wp-json\/wp\/v2\/posts\/18215\/revisions\/18218"}],"wp:featuredmedia":[{"embeddable":true,"href":"https:\/\/www.portalleonovais.com.br\/v1\/wp-json\/wp\/v2\/media\/18207"}],"wp:attachment":[{"href":"https:\/\/www.portalleonovais.com.br\/v1\/wp-json\/wp\/v2\/media?parent=18215"}],"wp:term":[{"taxonomy":"category","embeddable":true,"href":"https:\/\/www.portalleonovais.com.br\/v1\/wp-json\/wp\/v2\/categories?post=18215"},{"taxonomy":"post_tag","embeddable":true,"href":"https:\/\/www.portalleonovais.com.br\/v1\/wp-json\/wp\/v2\/tags?post=18215"}],"curies":[{"name":"wp","href":"https:\/\/api.w.org\/{rel}","templated":true}]}}