{"id":18671,"date":"2026-04-28T09:01:27","date_gmt":"2026-04-28T12:01:27","guid":{"rendered":"https:\/\/www.portalleonovais.com.br\/v1\/?p=18671"},"modified":"2026-04-28T09:01:27","modified_gmt":"2026-04-28T12:01:27","slug":"emprego-sesab-abre-processo-seletivo-com-41-vagas-para-motoristas","status":"publish","type":"post","link":"https:\/\/www.portalleonovais.com.br\/v1\/2026\/04\/28\/emprego-sesab-abre-processo-seletivo-com-41-vagas-para-motoristas\/","title":{"rendered":"Emprego: Sesab abre processo seletivo com 41 vagas para motoristas"},"content":{"rendered":"<p style=\"text-align: justify;\"><img decoding=\"async\" loading=\"lazy\" class=\"size-medium wp-image-18672 aligncenter\" src=\"http:\/\/www.portalleonovais.com.br\/v1\/wp-content\/uploads\/2026\/04\/725D2E7E-CFEF-4C6F-AE80-5E14C0323078-300x176.jpeg\" alt=\"\" width=\"300\" height=\"176\" srcset=\"https:\/\/www.portalleonovais.com.br\/v1\/wp-content\/uploads\/2026\/04\/725D2E7E-CFEF-4C6F-AE80-5E14C0323078-300x176.jpeg 300w, https:\/\/www.portalleonovais.com.br\/v1\/wp-content\/uploads\/2026\/04\/725D2E7E-CFEF-4C6F-AE80-5E14C0323078.jpeg 600w\" sizes=\"(max-width: 300px) 100vw, 300px\" \/><\/p>\n<div class=\"elementToProof\" style=\"text-align: justify;\"><\/div>\n<div class=\"elementToProof\" style=\"text-align: justify;\">A Secretaria da Sa\u00fade do Estado da Bahia (Sesab) publicou, no Di\u00e1rio Oficial do Estado (DOE) desta ter\u00e7a (28), o Processo Seletivo Simplificado n\u00ba 01\/2026 para a contrata\u00e7\u00e3o de motoristas em Regime Especial de Direito Administrativo (Reda). Com o objetivo de refor\u00e7ar as a\u00e7\u00f5es de vacina\u00e7\u00e3o e o combate \u00e0s arboviroses, a sele\u00e7\u00e3o \u00e9 voltada para motoristas que atuar\u00e3o no transporte de imunizantes e profissionais da sa\u00fade. Ao todo, s\u00e3o ofertadas 41 vagas para unidades da capital e do interior. As inscri\u00e7\u00f5es estar\u00e3o abertas de 06 a <span dir=\"ltr\">21 de maio<\/span>, por meio do site <a href=\"http:\/\/selecao.ba.gov.br\"><span dir=\"ltr\">selecao.ba.gov.br<\/span><\/a>.<\/div>\n<div class=\"elementToProof\" style=\"text-align: justify;\"><\/div>\n<div class=\"elementToProof\" style=\"text-align: justify;\">As oportunidades s\u00e3o destinadas a candidatos com n\u00edvel fundamental completo e Carteira Nacional de Habilita\u00e7\u00e3o (CNH) com anota\u00e7\u00e3o de exerc\u00edcio de atividade remunerada (EAR), expedida h\u00e1 pelo menos um ano, conforme a categoria exigida para cada fun\u00e7\u00e3o.<\/div>\n<div class=\"elementToProof\" style=\"text-align: justify;\"><\/div>\n<div class=\"elementToProof\" style=\"text-align: justify;\">O edital contempla tr\u00eas perfis de atua\u00e7\u00e3o. Para Motorista I, \u00e9 exigida CNH categoria B ou superior, com atua\u00e7\u00e3o voltada \u00e0 condu\u00e7\u00e3o de ve\u00edculos leves e apoio a atividades de campo. J\u00e1 para Motorista II, a exig\u00eancia \u00e9 CNH categoria D ou superior, ampliando a atua\u00e7\u00e3o para transporte de equipes, pacientes e insumos, al\u00e9m de apoio log\u00edstico a a\u00e7\u00f5es de sa\u00fade em todo o estado. Para Motorista III, \u00e9 necess\u00e1ria CNH categoria E, com foco na condu\u00e7\u00e3o de ve\u00edculos de grande porte e no suporte a opera\u00e7\u00f5es log\u00edsticas mais complexas.<\/div>\n<div class=\"elementToProof\" style=\"text-align: justify;\"><\/div>\n<div class=\"elementToProof\" style=\"text-align: justify;\"><strong>As vagas est\u00e3o distribu\u00eddas entre os munic\u00edpios de Salvador, Serrinha, Alagoinhas, Barreiras, Feira de Santana, Ilh\u00e9us, Jacobina, Juazeiro, Santo Ant\u00f4nio de Jesus, Sim\u00f5es Filho, Teixeira de Freitas e Vit\u00f3ria da Conquista.<\/strong><\/div>\n<div class=\"elementToProof\" style=\"text-align: justify;\"><\/div>\n<div class=\"elementToProof\" style=\"text-align: justify;\">A carga hor\u00e1ria \u00e9 de 40 horas semanais, com contratos de at\u00e9 36 meses, prorrog\u00e1veis uma \u00fanica vez por igual per\u00edodo.<\/div>\n<div class=\"elementToProof\" style=\"text-align: justify;\"><\/div>\n<div class=\"elementToProof\" style=\"text-align: justify;\">Os profissionais dever\u00e3o ter disponibilidade para viagens em todo o territ\u00f3rio baiano, podendo permanecer em deslocamento por at\u00e9 15 dias consecutivos no m\u00eas. Nos per\u00edodos sem viagem, dever\u00e3o atuar no munic\u00edpio de lota\u00e7\u00e3o.<\/div>\n<div class=\"elementToProof\" style=\"text-align: justify;\"><\/div>\n<div class=\"elementToProof\" style=\"text-align: justify;\"><b>Processo seletivo<\/b><\/div>\n<div class=\"elementToProof\" style=\"text-align: justify;\"><\/div>\n<div class=\"elementToProof\" style=\"text-align: justify;\">O processo seletivo ser\u00e1 composto por duas etapas: habilita\u00e7\u00e3o, com base nas informa\u00e7\u00f5es declaradas no ato da inscri\u00e7\u00e3o, e avalia\u00e7\u00e3o curricular, que considerar\u00e1 experi\u00eancia profissional, qualifica\u00e7\u00e3o, escolaridade e tempo de habilita\u00e7\u00e3o.<\/div>\n<div class=\"elementToProof\" style=\"text-align: justify;\"><\/div>\n<div class=\"elementToProof\" style=\"text-align: justify;\">O edital tamb\u00e9m prev\u00ea a reserva de vagas para pessoas com defici\u00eancia e assegura o uso do nome social para candidatos travestis e transexuais, conforme legisla\u00e7\u00e3o estadual.<\/div>\n<div class=\"elementToProof\" style=\"text-align: justify;\"><\/div>\n<div style=\"text-align: justify;\">Todos os atos do processo seletivo, como convoca\u00e7\u00f5es, avisos e resultados, ser\u00e3o publicados no DOE e no site oficial da Sesab (<a href=\"http:\/\/www.saude.ba.gov.br\"><span dir=\"ltr\">www.saude.ba.gov.br<\/span><\/a>). Cabe ao candidato acompanhar as publica\u00e7\u00f5es, conforme o cronograma anexado no edital.<\/div>\n","protected":false},"excerpt":{"rendered":"<p>A Secretaria da Sa\u00fade do Estado da Bahia (Sesab) publicou, no Di\u00e1rio Oficial do Estado (DOE) desta ter\u00e7a (28), o Processo Seletivo Simplificado n\u00ba 01\/2026 para a contrata\u00e7\u00e3o de motoristas em Regime Especial de Direito Administrativo (Reda). Com o objetivo de refor\u00e7ar as a\u00e7\u00f5es de vacina\u00e7\u00e3o e o combate \u00e0s arboviroses, a sele\u00e7\u00e3o \u00e9 voltada [&hellip;]<\/p>\n","protected":false},"author":2,"featured_media":18672,"comment_status":"open","ping_status":"open","sticky":false,"template":"","format":"standard","meta":{"_links_to":"","_links_to_target":""},"categories":[521],"tags":[4091],"_links":{"self":[{"href":"https:\/\/www.portalleonovais.com.br\/v1\/wp-json\/wp\/v2\/posts\/18671"}],"collection":[{"href":"https:\/\/www.portalleonovais.com.br\/v1\/wp-json\/wp\/v2\/posts"}],"about":[{"href":"https:\/\/www.portalleonovais.com.br\/v1\/wp-json\/wp\/v2\/types\/post"}],"author":[{"embeddable":true,"href":"https:\/\/www.portalleonovais.com.br\/v1\/wp-json\/wp\/v2\/users\/2"}],"replies":[{"embeddable":true,"href":"https:\/\/www.portalleonovais.com.br\/v1\/wp-json\/wp\/v2\/comments?post=18671"}],"version-history":[{"count":1,"href":"https:\/\/www.portalleonovais.com.br\/v1\/wp-json\/wp\/v2\/posts\/18671\/revisions"}],"predecessor-version":[{"id":18673,"href":"https:\/\/www.portalleonovais.com.br\/v1\/wp-json\/wp\/v2\/posts\/18671\/revisions\/18673"}],"wp:featuredmedia":[{"embeddable":true,"href":"https:\/\/www.portalleonovais.com.br\/v1\/wp-json\/wp\/v2\/media\/18672"}],"wp:attachment":[{"href":"https:\/\/www.portalleonovais.com.br\/v1\/wp-json\/wp\/v2\/media?parent=18671"}],"wp:term":[{"taxonomy":"category","embeddable":true,"href":"https:\/\/www.portalleonovais.com.br\/v1\/wp-json\/wp\/v2\/categories?post=18671"},{"taxonomy":"post_tag","embeddable":true,"href":"https:\/\/www.portalleonovais.com.br\/v1\/wp-json\/wp\/v2\/tags?post=18671"}],"curies":[{"name":"wp","href":"https:\/\/api.w.org\/{rel}","templated":true}]}}