{"id":19013,"date":"2026-09-01T21:48:56","date_gmt":"2026-09-02T00:48:56","guid":{"rendered":"https:\/\/www.portalleonovais.com.br\/v1\/?p=19013"},"modified":"2026-09-01T21:48:56","modified_gmt":"2026-09-02T00:48:56","slug":"ilheus-11a-marcha-do-orgulho-e-da-diversidade-musica-cultura-e-representatividade-prometem-tomar-conta-da-avenida-soares-lopes","status":"publish","type":"post","link":"https:\/\/www.portalleonovais.com.br\/v1\/2026\/09\/01\/ilheus-11a-marcha-do-orgulho-e-da-diversidade-musica-cultura-e-representatividade-prometem-tomar-conta-da-avenida-soares-lopes\/","title":{"rendered":"ILH\u00c9US: 11\u00aa MARCHA DO ORGULHO E DA DIVERSIDADE; M\u00daSICA, CULTURA E REPRESENTATIVIDADE PROMETEM TOMAR CONTA DA AVENIDA SOARES LOPES"},"content":{"rendered":"<div id=\"attachment_19014\" style=\"width: 210px\" class=\"wp-caption alignleft\"><img aria-describedby=\"caption-attachment-19014\" decoding=\"async\" loading=\"lazy\" class=\"wp-image-19014 size-medium\" src=\"http:\/\/www.portalleonovais.com.br\/v1\/wp-content\/uploads\/2026\/09\/D7D14546-8452-48BA-8EFE-0A8903D4B8A6-200x300.jpeg\" alt=\"\" width=\"200\" height=\"300\" srcset=\"https:\/\/www.portalleonovais.com.br\/v1\/wp-content\/uploads\/2026\/09\/D7D14546-8452-48BA-8EFE-0A8903D4B8A6-200x300.jpeg 200w, https:\/\/www.portalleonovais.com.br\/v1\/wp-content\/uploads\/2026\/09\/D7D14546-8452-48BA-8EFE-0A8903D4B8A6.jpeg 400w\" sizes=\"(max-width: 200px) 100vw, 200px\" \/><p id=\"caption-attachment-19014\" class=\"wp-caption-text\">Reda\u00e7\u00e3o: Thiago Borges<\/p><\/div>\n<p style=\"text-align: justify;\">\n<p style=\"text-align: justify;\">Ilh\u00e9us recebe, no dia 27 de setembro de 2026, a 11\u00aa Marcha do Orgulho e da Diversidade, um dos eventos de maior mobiliza\u00e7\u00e3o LGBTQIAPN+ do Sul da Bahia. Promovida anualmente pela ONG Mais Voc\u00ea, a Marcha re\u00fane celebra\u00e7\u00e3o, m\u00fasica, cultura, orgulho e representatividade, al\u00e9m de levantar pautas relacionadas \u00e0 cidadania, aos direitos humanos, \u00e0 inclus\u00e3o e ao combate \u00e0 discrimina\u00e7\u00e3o.<\/p>\n<p style=\"text-align: justify;\">Com concentra\u00e7\u00e3o na Concha Ac\u00fastica de Ilh\u00e9us, na Avenida Soares Lopes, a programa\u00e7\u00e3o dever\u00e1 reunir participantes de Ilh\u00e9us, de diversas cidades da regi\u00e3o, da capital baiana e turistas. A organiza\u00e7\u00e3o trabalha com a expectativa de aproximadamente 12 mil pessoas, consolidando a Marcha como um evento de alcance regional e integrante do calend\u00e1rio oficial de eventos do munic\u00edpio.<\/p>\n<p style=\"text-align: justify;\">O projeto institucional da edi\u00e7\u00e3o de 2026 j\u00e1 foi entregue e protocolado junto \u00e0 Prefeitura Municipal de Ilh\u00e9us. A proposta prev\u00ea participa\u00e7\u00e3o institucional de diferentes \u00e1reas do poder p\u00fablico, incluindo Turismo, Cultura, Sa\u00fade, Promo\u00e7\u00e3o Social, tr\u00e2nsito e \u00f3rg\u00e3os respons\u00e1veis pela seguran\u00e7a. A iniciativa tamb\u00e9m possui respaldo no calend\u00e1rio oficial do munic\u00edpio: a Marcha integra oficialmente o Calend\u00e1rio de Eventos de Ilh\u00e9us desde a Lei Municipal n\u00ba 4.094, de 1\u00ba de dezembro de 2020, que incluiu a realiza\u00e7\u00e3o anual do evento no calend\u00e1rio municipal.<\/p>\n<p style=\"text-align: justify;\">\u00c0 frente da organiza\u00e7\u00e3o est\u00e1 o ativista social Ratinho Menezes, presidente da ONG Mais Voc\u00ea, integrante da Banda Capricho e membro honor\u00e1rio do Sindim\u00fasicos da Regi\u00e3o Sul da Bahia. Sob sua coordena\u00e7\u00e3o, a Marcha chega \u00e0 11\u00aa edi\u00e7\u00e3o mantendo uma caracter\u00edstica que ultrapassa a dimens\u00e3o festiva: celebrar a diversidade tamb\u00e9m como express\u00e3o de liberdade, cidadania e direito \u00e0 exist\u00eancia com dignidade.<\/p>\n<p style=\"text-align: justify;\">A concentra\u00e7\u00e3o ser\u00e1 na Concha Ac\u00fastica e, de l\u00e1, o p\u00fablico seguir\u00e1 pela Avenida Soares Lopes em um grande arrast\u00e3o. O Trio El\u00e9trico MS ser\u00e1 o palco m\u00f3vel das atra\u00e7\u00f5es musicais durante o percurso, levando m\u00fasica e anima\u00e7\u00e3o para quem participar da Marcha.<\/p>\n<p style=\"text-align: justify;\">Entre as atra\u00e7\u00f5es j\u00e1 anunciadas est\u00e3o a Banda Capricho, o DJ Jefferson e o DJ Lukas Horus. Tamb\u00e9m integra a programa\u00e7\u00e3o o Pared\u00e3o 100 Limites. A programa\u00e7\u00e3o contar\u00e1 ainda com uma atra\u00e7\u00e3o principal diretamente de Salvador, cujo nome ainda est\u00e1 sendo definido e ser\u00e1 confirmado posteriormente pela organiza\u00e7\u00e3o.<\/p>\n<p style=\"text-align: justify;\">A programa\u00e7\u00e3o tamb\u00e9m reserva outros momentos tradicionais do evento. Entre eles est\u00e1 o concurso e desfile Trans, que celebra beleza, identidade, express\u00e3o e representatividade, seguido da entrega das faixas \u00e0s campe\u00e3s de 2026. A festa tamb\u00e9m contar\u00e1 com a participa\u00e7\u00e3o de gogoboys, que integram a programa\u00e7\u00e3o art\u00edstica e ajudam a levar ainda mais energia, irrever\u00eancia e divers\u00e3o ao p\u00fablico durante a Marcha.<\/p>\n<p style=\"text-align: justify;\">Outra tradi\u00e7\u00e3o dever\u00e1 ser mantida: a escolha do Padrinho e da Madrinha da edi\u00e7\u00e3o, nomes que costumam ser anunciados por Ratinho Menezes e que passam a representar simbolicamente a Marcha e sua mensagem de respeito \u00e0 diversidade.<\/p>\n<p style=\"text-align: justify;\">Embora a m\u00fasica e a festa sejam elementos importantes, a proposta da Marcha tamb\u00e9m contempla a\u00e7\u00f5es de sa\u00fade e preven\u00e7\u00e3o. O projeto apresentado ao Munic\u00edpio prev\u00ea orienta\u00e7\u00f5es sobre HIV e outras ISTs, possibilidade de testagem r\u00e1pida, distribui\u00e7\u00e3o de preservativos e informa\u00e7\u00f5es sobre preven\u00e7\u00e3o combinada, PrEP e PEP, de acordo com a disponibilidade da rede p\u00fablica.<\/p>\n<p style=\"text-align: justify;\">A seguran\u00e7a tamb\u00e9m aparece como uma das prioridades da organiza\u00e7\u00e3o, diante da dimens\u00e3o do p\u00fablico esperado. O projeto prev\u00ea articula\u00e7\u00e3o com Pol\u00edcia Militar, Guarda Civil Municipal, Corpo de Bombeiros, agentes de tr\u00e2nsito e demais \u00f3rg\u00e3os envolvidos na estrutura necess\u00e1ria para a realiza\u00e7\u00e3o do evento.<\/p>\n<p style=\"text-align: justify;\">Outro aspecto destacado \u00e9 o impacto tur\u00edstico e econ\u00f4mico. A presen\u00e7a de participantes de diferentes munic\u00edpios, da capital baiana e de turistas pode movimentar hot\u00e9is, pousadas, restaurantes, bares, transporte, com\u00e9rcio e profissionais ligados \u00e0 cadeia de eventos. Para Ilh\u00e9us, a Marcha tamb\u00e9m representa uma oportunidade de projetar a cidade regionalmente como destino capaz de receber grandes eventos culturais e sociais.<\/p>\n<p style=\"text-align: justify;\">Para quem quiser acompanhar a Marcha de uma maneira diferenciada, a organiza\u00e7\u00e3o tamb\u00e9m disponibiliza pulseiras para o Trio El\u00e9trico MS, onde acontecer\u00e3o as apresenta\u00e7\u00f5es e a anima\u00e7\u00e3o durante o percurso. O espa\u00e7o contar\u00e1 com servi\u00e7o open bar, conforme divulgado pela organiza\u00e7\u00e3o.<\/p>\n<p style=\"text-align: justify;\">Os valores s\u00e3o de R$ 150 para ingresso individual e R$ 200 na modalidade casadinha. As vagas s\u00e3o limitadas, e informa\u00e7\u00f5es e reservas podem ser obtidas pelo telefone (73) 98859-9554.<\/p>\n<p style=\"text-align: justify;\">A 11\u00aa Marcha do Orgulho e da Diversidade chega com a promessa de transformar a Avenida Soares Lopes em um grande espa\u00e7o de encontro, m\u00fasica, cores, alegria e representatividade. Para a comunidade LGBTQIAPN+, \u00e9 tamb\u00e9m um momento de ocupar a cidade, celebrar conquistas, reafirmar direitos e mostrar que orgulho \u00e9, antes de tudo, a liberdade de ser, amar e existir sem abrir m\u00e3o da pr\u00f3pria identidade.<\/p>\n<p style=\"text-align: justify;\">Para Ratinho Menezes, promotor e presidente da ONG Mais Voc\u00ea, a realiza\u00e7\u00e3o da Marcha representa uma oportunidade de reunir celebra\u00e7\u00e3o e conscientiza\u00e7\u00e3o, fortalecendo pautas como diversidade, cidadania, direitos humanos, inclus\u00e3o, sa\u00fade e respeito, al\u00e9m de contribuir para o turismo e a movimenta\u00e7\u00e3o econ\u00f4mica de Ilh\u00e9us.<\/p>\n<p style=\"text-align: justify;\">E para quem j\u00e1 conhece a tradi\u00e7\u00e3o da Marcha, sabe que a festa n\u00e3o combina com roupa comum. \u00c9 hora de tirar a fantasia do arm\u00e1rio, colocar a criatividade para fora, preparar a m\u00e1scara, escolher o look e vir para a Avenida Soares Lopes.<\/p>\n<p style=\"text-align: justify;\">A proposta \u00e9 simples: vestir-se de liberdade, deixar o preconceito do lado de fora e participar de uma grande festa onde cada pessoa possa ser quem \u00e9, sem medo e sem vergonha.<\/p>\n<p style=\"text-align: justify;\">Com m\u00fasica, trio el\u00e9trico, DJs, desfile, concurso Trans, gogoboys, fantasias, cores e muita alegria, a 11\u00aa Marcha do Orgulho e da Diversidade promete mais uma vez transformar a Avenida Soares Lopes em um verdadeiro carnaval fora de \u00e9poca, onde o orgulho LGBTQIAPN+ encontra a divers\u00e3o, a irrever\u00eancia e a liberdade de celebrar.<\/p>\n<p style=\"text-align: justify;\">Em Ilh\u00e9us, a ordem \u00e9 uma s\u00f3: venha como voc\u00ea quiser, seja quem voc\u00ea \u00e9 e celebre a diversidade sem preconceito, porque nessa festa, o orgulho \u00e9 de todos.<\/p>\n<p style=\"text-align: justify;\">\n","protected":false},"excerpt":{"rendered":"<p>Ilh\u00e9us recebe, no dia 27 de setembro de 2026, a 11\u00aa Marcha do Orgulho e da Diversidade, um dos eventos de maior mobiliza\u00e7\u00e3o LGBTQIAPN+ do Sul da Bahia. Promovida anualmente pela ONG Mais Voc\u00ea, a Marcha re\u00fane celebra\u00e7\u00e3o, m\u00fasica, cultura, orgulho e representatividade, al\u00e9m de levantar pautas relacionadas \u00e0 cidadania, aos direitos humanos, \u00e0 inclus\u00e3o [&hellip;]<\/p>\n","protected":false},"author":2,"featured_media":19014,"comment_status":"open","ping_status":"open","sticky":false,"template":"","format":"standard","meta":{"_links_to":"","_links_to_target":""},"categories":[521,522],"tags":[4216,4217],"_links":{"self":[{"href":"https:\/\/www.portalleonovais.com.br\/v1\/wp-json\/wp\/v2\/posts\/19013"}],"collection":[{"href":"https:\/\/www.portalleonovais.com.br\/v1\/wp-json\/wp\/v2\/posts"}],"about":[{"href":"https:\/\/www.portalleonovais.com.br\/v1\/wp-json\/wp\/v2\/types\/post"}],"author":[{"embeddable":true,"href":"https:\/\/www.portalleonovais.com.br\/v1\/wp-json\/wp\/v2\/users\/2"}],"replies":[{"embeddable":true,"href":"https:\/\/www.portalleonovais.com.br\/v1\/wp-json\/wp\/v2\/comments?post=19013"}],"version-history":[{"count":1,"href":"https:\/\/www.portalleonovais.com.br\/v1\/wp-json\/wp\/v2\/posts\/19013\/revisions"}],"predecessor-version":[{"id":19015,"href":"https:\/\/www.portalleonovais.com.br\/v1\/wp-json\/wp\/v2\/posts\/19013\/revisions\/19015"}],"wp:featuredmedia":[{"embeddable":true,"href":"https:\/\/www.portalleonovais.com.br\/v1\/wp-json\/wp\/v2\/media\/19014"}],"wp:attachment":[{"href":"https:\/\/www.portalleonovais.com.br\/v1\/wp-json\/wp\/v2\/media?parent=19013"}],"wp:term":[{"taxonomy":"category","embeddable":true,"href":"https:\/\/www.portalleonovais.com.br\/v1\/wp-json\/wp\/v2\/categories?post=19013"},{"taxonomy":"post_tag","embeddable":true,"href":"https:\/\/www.portalleonovais.com.br\/v1\/wp-json\/wp\/v2\/tags?post=19013"}],"curies":[{"name":"wp","href":"https:\/\/api.w.org\/{rel}","templated":true}]}}