{"id":19023,"date":"2026-09-05T19:22:03","date_gmt":"2026-09-05T22:22:03","guid":{"rendered":"https:\/\/www.portalleonovais.com.br\/v1\/?p=19023"},"modified":"2026-09-05T19:22:03","modified_gmt":"2026-09-05T22:22:03","slug":"eleicao-2026-itabuna-reune-mais-de-20-mil-pessoas-em-caminhada-com-jeronimo-rui-costa-e-jaques-wagner","status":"publish","type":"post","link":"https:\/\/www.portalleonovais.com.br\/v1\/2026\/09\/05\/eleicao-2026-itabuna-reune-mais-de-20-mil-pessoas-em-caminhada-com-jeronimo-rui-costa-e-jaques-wagner\/","title":{"rendered":"Elei\u00e7\u00e3o 2026: Itabuna re\u00fane mais de 20 mil pessoas em caminhada com Jer\u00f4nimo, Rui Costa e Jaques Wagner"},"content":{"rendered":"<div id=\"attachment_19024\" style=\"width: 310px\" class=\"wp-caption alignleft\"><img aria-describedby=\"caption-attachment-19024\" decoding=\"async\" loading=\"lazy\" class=\"wp-image-19024 size-medium\" src=\"http:\/\/www.portalleonovais.com.br\/v1\/wp-content\/uploads\/2026\/09\/946A9E3D-32E2-4ECA-9836-AEAAAF065752-300x200.jpeg\" alt=\"\" width=\"300\" height=\"200\" srcset=\"https:\/\/www.portalleonovais.com.br\/v1\/wp-content\/uploads\/2026\/09\/946A9E3D-32E2-4ECA-9836-AEAAAF065752-300x200.jpeg 300w, https:\/\/www.portalleonovais.com.br\/v1\/wp-content\/uploads\/2026\/09\/946A9E3D-32E2-4ECA-9836-AEAAAF065752.jpeg 600w\" sizes=\"(max-width: 300px) 100vw, 300px\" \/><p id=\"caption-attachment-19024\" class=\"wp-caption-text\">Mobiliza\u00e7\u00e3o percorreu a Avenida Cinquenten\u00e1rio e reuniu lideran\u00e7as pol\u00edticas e apoiadores do grupo governista. Foto\/ Evertton Pacheco<\/p><\/div>\n<p style=\"text-align: justify;\">Mais de 20 mil pessoas participaram, nesta sexta-feira (4), de uma caminhada pol\u00edtica em Itabuna, no sul da Bahia, com a presen\u00e7a do governador e candidato \u00e0 reelei\u00e7\u00e3o Jer\u00f4nimo Rodrigues, do ex-governador e candidato ao Senado Rui Costa, e do senador Jaques Wagner.<\/p>\n<p style=\"text-align: justify;\">A concentra\u00e7\u00e3o mobilizou apoiadores e lideran\u00e7as pol\u00edticas e percorreu a Avenida Cinquenten\u00e1rio, uma das principais vias comerciais do munic\u00edpio. Vestidos predominantemente de vermelho, os participantes acompanharam o grupo durante o trajeto, em um dos maiores atos pol\u00edticos realizados na cidade durante a atual campanha eleitoral.<\/p>\n<p style=\"text-align: justify;\">A caminhada contou com a presen\u00e7a de prefeitos, vereadores, deputados, lideran\u00e7as regionais e representantes de munic\u00edpios do sul da Bahia. O ato integra a agenda do grupo pol\u00edtico ligado ao presidente Luiz In\u00e1cio Lula da Silva no estado.<\/p>\n<p style=\"text-align: justify;\">Durante a mobiliza\u00e7\u00e3o, Jer\u00f4nimo Rodrigues destacou o n\u00famero de participantes e avaliou que a presen\u00e7a popular demonstra o envolvimento da popula\u00e7\u00e3o com a disputa eleitoral.<\/p>\n<blockquote>\n<p style=\"text-align: justify;\">\u201cOlha o tamanho dessa caminhada. \u00c9 o povo vindo para a rua, trazendo sua energia, sua esperan\u00e7a e dizendo que quer continuar avan\u00e7ando. Uma caminhada desse tamanho n\u00e3o se constr\u00f3i de cima para baixo. Ela nasce do sentimento das pessoas e da vontade de ver a Bahia seguir em frente\u201d, afirmou o governador.<\/p>\n<\/blockquote>\n<p style=\"text-align: justify;\">Jer\u00f4nimo tamb\u00e9m ressaltou a articula\u00e7\u00e3o pol\u00edtica do grupo e classificou a manifesta\u00e7\u00e3o em Itabuna como um sinal de fortalecimento da campanha.<\/p>\n<blockquote>\n<p style=\"text-align: justify;\">\u201cHoje Itabuna deu um recado muito forte. Essa multid\u00e3o n\u00e3o veio apenas para caminhar, veio para mostrar que existe um time mobilizado, que tem lado e que sabe o que quer para a Bahia\u201d, declarou.<\/p>\n<\/blockquote>\n<p style=\"text-align: justify;\">A mobiliza\u00e7\u00e3o ocorre em meio \u00e0 intensifica\u00e7\u00e3o das agendas pol\u00edticas para as elei\u00e7\u00f5es de 2026 e coloca Itabuna novamente no centro da movimenta\u00e7\u00e3o eleitoral no sul da Bahia.<\/p>\n<p>Confira:<\/p>\n<p>https:\/\/www.instagram.com\/reel\/Dc59ynBzchH\/?igsi=YXhtY3k1M2hramhy<\/p>\n<blockquote class=\"instagram-media\" style=\"background: #FFF; border: 0; border-radius: 3px; box-shadow: 0 0 1px 0 rgba(0,0,0,0.5),0 1px 10px 0 rgba(0,0,0,0.15); margin: 1px; max-width: 540px; min-width: 326px; padding: 0; width: calc(100% - 2px);\" data-instgrm-captioned=\"\" data-instgrm-permalink=\"https:\/\/www.instagram.com\/reel\/Dc59ynBzchH\/?utm_source=ig_embed&amp;utm_campaign=loading\" data-instgrm-version=\"14\">\n<div style=\"padding: 16px;\">\n<p>&nbsp;<\/p>\n<div style=\"display: flex; flex-direction: row; align-items: center;\">\n<div style=\"background-color: #f4f4f4; border-radius: 50%; flex-grow: 0; height: 40px; margin-right: 14px; width: 40px;\"><\/div>\n<div style=\"display: flex; flex-direction: column; flex-grow: 1; justify-content: center;\">\n<div style=\"background-color: #f4f4f4; border-radius: 4px; flex-grow: 0; height: 14px; margin-bottom: 6px; width: 100px;\"><\/div>\n<div style=\"background-color: #f4f4f4; border-radius: 4px; flex-grow: 0; height: 14px; width: 60px;\"><\/div>\n<\/div>\n<\/div>\n<div style=\"padding: 19% 0;\"><\/div>\n<div style=\"display: block; height: 50px; margin: 0 auto 12px; width: 50px;\"><\/div>\n<div style=\"padding-top: 8px;\">\n<div style=\"color: #3897f0; font-family: Arial,sans-serif; font-size: 14px; font-style: normal; font-weight: 550; line-height: 18px;\">Ver essa foto no Instagram<\/div>\n<\/div>\n<div style=\"padding: 12.5% 0;\"><\/div>\n<div style=\"display: flex; flex-direction: row; margin-bottom: 14px; align-items: center;\">\n<div>\n<div style=\"background-color: #f4f4f4; border-radius: 50%; height: 12.5px; width: 12.5px; transform: translateX(0px) translateY(7px);\"><\/div>\n<div style=\"background-color: #f4f4f4; height: 12.5px; transform: rotate(-45deg) translateX(3px) translateY(1px); width: 12.5px; flex-grow: 0; margin-right: 14px; margin-left: 2px;\"><\/div>\n<div style=\"background-color: #f4f4f4; border-radius: 50%; height: 12.5px; width: 12.5px; transform: translateX(9px) translateY(-18px);\"><\/div>\n<\/div>\n<div style=\"margin-left: 8px;\">\n<div style=\"background-color: #f4f4f4; border-radius: 50%; flex-grow: 0; height: 20px; width: 20px;\"><\/div>\n<div style=\"width: 0; height: 0; border-top: 2px solid transparent; border-left: 6px solid #f4f4f4; border-bottom: 2px solid transparent; transform: translateX(16px) translateY(-4px) rotate(30deg);\"><\/div>\n<\/div>\n<div style=\"margin-left: auto;\">\n<div style=\"width: 0px; border-top: 8px solid #F4F4F4; border-right: 8px solid transparent; transform: translateY(16px);\"><\/div>\n<div style=\"background-color: #f4f4f4; flex-grow: 0; height: 12px; width: 16px; transform: translateY(-4px);\"><\/div>\n<div style=\"width: 0; height: 0; border-top: 8px solid #F4F4F4; border-left: 8px solid transparent; transform: translateY(-4px) translateX(8px);\"><\/div>\n<\/div>\n<\/div>\n<div style=\"display: flex; flex-direction: column; flex-grow: 1; justify-content: center; margin-bottom: 24px;\">\n<div style=\"background-color: #f4f4f4; border-radius: 4px; flex-grow: 0; height: 14px; margin-bottom: 6px; width: 224px;\"><\/div>\n<div style=\"background-color: #f4f4f4; border-radius: 4px; flex-grow: 0; height: 14px; width: 144px;\"><\/div>\n<\/div>\n<p>&nbsp;<\/p>\n<p style=\"color: #c9c8cd; font-family: Arial,sans-serif; font-size: 14px; line-height: 17px; margin-bottom: 0; margin-top: 8px; overflow: hidden; padding: 8px 0 7px; text-align: center; text-overflow: ellipsis; white-space: nowrap;\"><a style=\"color: #c9c8cd; font-family: Arial,sans-serif; font-size: 14px; font-style: normal; font-weight: normal; line-height: 17px; text-decoration: none;\" href=\"https:\/\/www.instagram.com\/reel\/Dc59ynBzchH\/?utm_source=ig_embed&amp;utm_campaign=loading\" target=\"_blank\" rel=\"noopener\">Um post compartilhado por Leo Novais (@leonovaisc7)<\/a><\/p>\n<\/div>\n<\/blockquote>\n<p><script async src=\"\/\/www.instagram.com\/embed.js\"><\/script><\/p>\n","protected":false},"excerpt":{"rendered":"<p>Mais de 20 mil pessoas participaram, nesta sexta-feira (4), de uma caminhada pol\u00edtica em Itabuna, no sul da Bahia, com a presen\u00e7a do governador e candidato \u00e0 reelei\u00e7\u00e3o Jer\u00f4nimo Rodrigues, do ex-governador e candidato ao Senado Rui Costa, e do senador Jaques Wagner. A concentra\u00e7\u00e3o mobilizou apoiadores e lideran\u00e7as pol\u00edticas e percorreu a Avenida Cinquenten\u00e1rio, [&hellip;]<\/p>\n","protected":false},"author":2,"featured_media":19024,"comment_status":"open","ping_status":"open","sticky":false,"template":"","format":"standard","meta":{"_links_to":"","_links_to_target":""},"categories":[521,1],"tags":[4220,4221],"_links":{"self":[{"href":"https:\/\/www.portalleonovais.com.br\/v1\/wp-json\/wp\/v2\/posts\/19023"}],"collection":[{"href":"https:\/\/www.portalleonovais.com.br\/v1\/wp-json\/wp\/v2\/posts"}],"about":[{"href":"https:\/\/www.portalleonovais.com.br\/v1\/wp-json\/wp\/v2\/types\/post"}],"author":[{"embeddable":true,"href":"https:\/\/www.portalleonovais.com.br\/v1\/wp-json\/wp\/v2\/users\/2"}],"replies":[{"embeddable":true,"href":"https:\/\/www.portalleonovais.com.br\/v1\/wp-json\/wp\/v2\/comments?post=19023"}],"version-history":[{"count":4,"href":"https:\/\/www.portalleonovais.com.br\/v1\/wp-json\/wp\/v2\/posts\/19023\/revisions"}],"predecessor-version":[{"id":19030,"href":"https:\/\/www.portalleonovais.com.br\/v1\/wp-json\/wp\/v2\/posts\/19023\/revisions\/19030"}],"wp:featuredmedia":[{"embeddable":true,"href":"https:\/\/www.portalleonovais.com.br\/v1\/wp-json\/wp\/v2\/media\/19024"}],"wp:attachment":[{"href":"https:\/\/www.portalleonovais.com.br\/v1\/wp-json\/wp\/v2\/media?parent=19023"}],"wp:term":[{"taxonomy":"category","embeddable":true,"href":"https:\/\/www.portalleonovais.com.br\/v1\/wp-json\/wp\/v2\/categories?post=19023"},{"taxonomy":"post_tag","embeddable":true,"href":"https:\/\/www.portalleonovais.com.br\/v1\/wp-json\/wp\/v2\/tags?post=19023"}],"curies":[{"name":"wp","href":"https:\/\/api.w.org\/{rel}","templated":true}]}}