{"id":7696,"date":"2019-11-15T22:27:11","date_gmt":"2019-11-16T01:27:11","guid":{"rendered":"https:\/\/www.leonovaisnoticias.com.br\/v1\/?p=7696"},"modified":"2019-11-15T22:27:11","modified_gmt":"2019-11-16T01:27:11","slug":"politica-ilheense-um-dos-coordenadores-da-campanha-de-valderico-jr-deixa-o-grupo","status":"publish","type":"post","link":"https:\/\/www.portalleonovais.com.br\/v1\/2019\/11\/15\/politica-ilheense-um-dos-coordenadores-da-campanha-de-valderico-jr-deixa-o-grupo\/","title":{"rendered":"Pol\u00edtica Ilheense: Um dos coordenadores da campanha de Valderico Jr deixa o grupo"},"content":{"rendered":"<div id=\"attachment_7698\" style=\"width: 310px\" class=\"wp-caption alignleft\"><img aria-describedby=\"caption-attachment-7698\" decoding=\"async\" loading=\"lazy\" class=\"wp-image-7698 size-medium\" src=\"https:\/\/www.leonovaisnoticias.com.br\/v1\/wp-content\/uploads\/2019\/11\/CYMERA_20191115_222126-300x255.jpg\" alt=\"\" width=\"300\" height=\"255\" srcset=\"https:\/\/www.portalleonovais.com.br\/v1\/wp-content\/uploads\/2019\/11\/CYMERA_20191115_222126-300x255.jpg 300w, https:\/\/www.portalleonovais.com.br\/v1\/wp-content\/uploads\/2019\/11\/CYMERA_20191115_222126.jpg 585w\" sizes=\"(max-width: 300px) 100vw, 300px\" \/><p id=\"caption-attachment-7698\" class=\"wp-caption-text\">Iago no centro<\/p><\/div>\n<p>&nbsp;<\/p>\n<p style=\"text-align: justify;\">O jovem Iago Moura, um dos coordenadores do grupo de Valderico Jr, decidiu deixar o dono da Gabriela FM para apoiar o Prefeito M\u00e1rio Alexandre.<\/p>\n<p style=\"text-align: justify;\">Segundo ele, recebeu uma proposta que valoriza seu trabalho.<\/p>\n<p>Veja a carta que o jovem envio hoje ao grupo PODEMOS:<\/p>\n<p>&nbsp;<\/p>\n<blockquote>\n<p style=\"text-align: justify;\">Bom dia meu amigos, venho atrav\u00e9s deste, comunicar a todos o encerramento de minha participa\u00e7\u00e3o nesse ciclo pol\u00edtico, o qual teve in\u00edcio na campanha do Deputado ELEITO J\u00e2nio Natal, e se encerra hoje na coordena\u00e7\u00e3o de campanha do pr\u00e9 candidato Valderico. A qual me doei de forma volunt\u00e1ria junto com minhas lideran\u00e7as, at\u00e9 o dia de hoje.<\/p>\n<p>&nbsp;<\/p>\n<p style=\"text-align: justify;\">\nAgrade\u00e7o a todos pela confian\u00e7a no meu trabalho, em especial ao Secret\u00e1rio, Professor Emerson Silva e ao presidente do Partido Rafael C\u00e9o. Aos amigos que fiz, tamb\u00e9m agrade\u00e7o pelo respeito e reciprocidade de sempre.<\/p>\n<p style=\"text-align: justify;\">\nGostaria de expor o motivo da minha sa\u00edda para n\u00e3o abrir precedentes, Recebi uma proposta de valoriza\u00e7\u00e3o de trabalho melhor do que a minha atual, e acredito que pol\u00edtica n\u00e3o \u00e9 brincadeira, \u00e9 trabalho, tendo em vista isso, quero fazer parte de um projeto vencedor, onde consiga enxergar perspectiva de crescimento dia ap\u00f3s dia, o que infelizmente n\u00e3o vejo aqui.<\/p>\n<p style=\"text-align: justify;\">\nAo contr\u00e1rio de alguns estou na rua, e n\u00e3o em uma bolha. \u00c9 desconfortante ver que infelizmente todo o trabalho realizado na campanha do deputado ELEITO est\u00e1 sendo perdida.<\/p>\n<p style=\"text-align: justify;\">\nEstarei me desligando de alguns grupos e retirando algumas das minhas lideran\u00e7as comunit\u00e1rias estrat\u00e9gicas tamb\u00e9m.<br \/>\nDesejo boa sorte aos que ficam e um forte abra\u00e7o do sempre amigo de todos, Iago Moura!<\/p>\n<\/blockquote>\n","protected":false},"excerpt":{"rendered":"<p>&nbsp; O jovem Iago Moura, um dos coordenadores do grupo de Valderico Jr, decidiu deixar o dono da Gabriela FM para apoiar o Prefeito M\u00e1rio Alexandre. Segundo ele, recebeu uma proposta que valoriza seu trabalho. Veja a carta que o jovem envio hoje ao grupo PODEMOS: &nbsp; Bom dia meu amigos, venho atrav\u00e9s deste, comunicar [&hellip;]<\/p>\n","protected":false},"author":2,"featured_media":7698,"comment_status":"open","ping_status":"open","sticky":false,"template":"","format":"standard","meta":{"_links_to":"","_links_to_target":""},"categories":[522],"tags":[1076,1077],"_links":{"self":[{"href":"https:\/\/www.portalleonovais.com.br\/v1\/wp-json\/wp\/v2\/posts\/7696"}],"collection":[{"href":"https:\/\/www.portalleonovais.com.br\/v1\/wp-json\/wp\/v2\/posts"}],"about":[{"href":"https:\/\/www.portalleonovais.com.br\/v1\/wp-json\/wp\/v2\/types\/post"}],"author":[{"embeddable":true,"href":"https:\/\/www.portalleonovais.com.br\/v1\/wp-json\/wp\/v2\/users\/2"}],"replies":[{"embeddable":true,"href":"https:\/\/www.portalleonovais.com.br\/v1\/wp-json\/wp\/v2\/comments?post=7696"}],"version-history":[{"count":0,"href":"https:\/\/www.portalleonovais.com.br\/v1\/wp-json\/wp\/v2\/posts\/7696\/revisions"}],"wp:featuredmedia":[{"embeddable":true,"href":"https:\/\/www.portalleonovais.com.br\/v1\/wp-json\/wp\/v2\/media\/7698"}],"wp:attachment":[{"href":"https:\/\/www.portalleonovais.com.br\/v1\/wp-json\/wp\/v2\/media?parent=7696"}],"wp:term":[{"taxonomy":"category","embeddable":true,"href":"https:\/\/www.portalleonovais.com.br\/v1\/wp-json\/wp\/v2\/categories?post=7696"},{"taxonomy":"post_tag","embeddable":true,"href":"https:\/\/www.portalleonovais.com.br\/v1\/wp-json\/wp\/v2\/tags?post=7696"}],"curies":[{"name":"wp","href":"https:\/\/api.w.org\/{rel}","templated":true}]}}