{"id":7716,"date":"2019-11-18T17:12:28","date_gmt":"2019-11-18T20:12:28","guid":{"rendered":"https:\/\/www.leonovaisnoticias.com.br\/v1\/?p=7716"},"modified":"2019-11-18T17:12:28","modified_gmt":"2019-11-18T20:12:28","slug":"empregos-vagas-do-sinebahia-de-ilheus-para-terca-feira-19","status":"publish","type":"post","link":"https:\/\/www.portalleonovais.com.br\/v1\/2019\/11\/18\/empregos-vagas-do-sinebahia-de-ilheus-para-terca-feira-19\/","title":{"rendered":"EMPREGOS: Vagas do Sinebahia de Ilh\u00e9us para ter\u00e7a-feira (19)"},"content":{"rendered":"<p style=\"text-align: justify;\"><b>SINEBAHIA oferece vagas de empregos para est\u00e1 ter\u00e7a- feira (19). Interessados devem se dirigir a unidade do SineBahia no SAC sala 14, situada \u00e0 Rua Eust\u00e1quio Bastos, 308 Centro Ilh\u00e9us e\/ou acessar o site <a href=\"https:\/\/empregabrasil.mte.gov.br\/\">empregabrasil.mte.gov.br<\/a>, i<\/b><b>mprescind\u00edvel portar CTPS, RG, CPF, comprovantes de resid\u00eancia e escolaridade.\u00a0<\/b><\/p>\n<p style=\"text-align: justify;\"><b>SUPERVISORA DE GOVERNAN\u00c7A<\/b><b><br \/>\n<\/b><span style=\"font-weight: 400;\">Ensino m\u00e9dio completo<\/span><\/p>\n<p style=\"text-align: justify;\"><span style=\"font-weight: 400;\">Experi\u00eancia m\u00ednima de 06 meses na fun\u00e7\u00e3o<\/span><span style=\"font-weight: 400;\"><br \/>\n<\/span><span style=\"font-weight: 400;\">Preferencialmente residir em UNA ou CANAVIEIRAS <\/span><span style=\"font-weight: 400;\"><br \/>\n<\/span><b>02 VAGAS<\/b><b><br \/>\n<\/b><b><br \/>\n<\/b><b>MEC\u00c2NICO DE REFRIGERA\u00c7\u00c3O <\/b><b><br \/>\n<\/b><span style=\"font-weight: 400;\">Ensino Fundamental Completo<\/span><\/p>\n<p style=\"text-align: justify;\"><span style=\"font-weight: 400;\">Experi\u00eancia m\u00ednima de 06 meses comprovada em carteira de trabalho<\/span><span style=\"font-weight: 400;\"><br \/>\n<\/span><span style=\"font-weight: 400;\">Possuir curso NR10 e NR35 atualizado<\/span><span style=\"font-weight: 400;\"><br \/>\n<\/span><span style=\"font-weight: 400;\">Preferencialmente residir em UNA ou CANAVIEIRAS<\/span><span style=\"font-weight: 400;\"><br \/>\n<\/span><b>02 VAGAS<\/b><b><br \/>\n<\/b><b><br \/>\n<\/b><b>T\u00c9CNICO DE REFRIGERA\u00c7\u00c3O<\/b><b><br \/>\n<\/b><span style=\"font-weight: 400;\">Ensino m\u00e9dio t\u00e9cnico em refrigera\u00e7\u00e3o<\/span><span style=\"font-weight: 400;\"><br \/>\n<\/span><span style=\"font-weight: 400;\">Experi\u00eancia m\u00ednima de 06 meses comprovada em carteira de trabalho<\/span><span style=\"font-weight: 400;\"><br \/>\n<\/span><span style=\"font-weight: 400;\">Possuir curso NR10 e NR35 atualizado<\/span><span style=\"font-weight: 400;\"><br \/>\n<\/span><span style=\"font-weight: 400;\">Preferencialmente residir em UNA ou CANAVIEIRAS<\/span><span style=\"font-weight: 400;\"><br \/>\n<\/span><b>01 VAGA<\/b><\/p>\n<p style=\"text-align: justify;\">\n<p style=\"text-align: justify;\"><b>MEC\u00c2NICO AUTOMOTIVO\/INDUSTRIAL<\/b><b><br \/>\n<\/b><span style=\"font-weight: 400;\">Ensino Fundamental Completo<\/span><\/p>\n<p style=\"text-align: justify;\"><span style=\"font-weight: 400;\">Experi\u00eancia m\u00ednima de 06 meses comprovada em carteira de trabalho<\/span><span style=\"font-weight: 400;\"><br \/>\n<\/span><span style=\"font-weight: 400;\">Curso t\u00e9cnico na \u00e1rea de mec\u00e2nica ser\u00e1 um diferencial <\/span><span style=\"font-weight: 400;\"><br \/>\n<\/span><b>02 VAGAS<\/b><\/p>\n<p style=\"text-align: justify;\">\n<p style=\"text-align: justify;\"><b>AJUDANTE DE COZINHA<\/b><span style=\"font-weight: 400;\"><br \/>\n<\/span><span style=\"font-weight: 400;\">Ensino Fundamental Completo<\/span><\/p>\n<p style=\"text-align: justify;\"><span style=\"font-weight: 400;\">Experi\u00eancia m\u00ednima de 06 meses comprovada em carteira de trabalho<\/span><span style=\"font-weight: 400;\"><br \/>\n<\/span><span style=\"font-weight: 400;\">Preferencialmente residir na zona sul de ilh\u00e9us <\/span><span style=\"font-weight: 400;\"><br \/>\n<\/span><b>01 VAGA<\/b><\/p>\n<p style=\"text-align: justify;\">\n<p style=\"text-align: justify;\"><b>COZINHEIRO<\/b> <span style=\"font-weight: 400;\"><br \/>\n<\/span><span style=\"font-weight: 400;\">Ensino Fundamental Completo<\/span><\/p>\n<p style=\"text-align: justify;\"><span style=\"font-weight: 400;\">Experi\u00eancia m\u00ednima de 06 meses comprovada em carteira de trabalho<\/span><span style=\"font-weight: 400;\"><br \/>\n<\/span><span style=\"font-weight: 400;\">Preferencialmente residir na zona sul de ilh\u00e9us<\/span><span style=\"font-weight: 400;\"><br \/>\n<\/span><b>01 VAGA<\/b><span style=\"font-weight: 400;\"><br \/>\n<\/span><span style=\"font-weight: 400;\"><br \/>\n<\/span><b>ELETRICISTA<\/b> <span style=\"font-weight: 400;\"><br \/>\n<\/span><span style=\"font-weight: 400;\">Ensino Fundamental Completo<\/span><\/p>\n<p style=\"text-align: justify;\"><span style=\"font-weight: 400;\">Experi\u00eancia m\u00ednima de 06 meses na fun\u00e7\u00e3o<\/span><span style=\"font-weight: 400;\"><br \/>\n<\/span><b>01 VAGA<\/b><span style=\"font-weight: 400;\"><\/p>\n<p><\/span><\/p>\n<p style=\"text-align: justify;\"><b>TRABALHADOR DA CULTURA DO CACAU<\/b><b><br \/>\n<\/b><span style=\"font-weight: 400;\">Ensino Fundamental Completo<\/span><\/p>\n<p style=\"text-align: justify;\"><span style=\"font-weight: 400;\">Experi\u00eancia m\u00ednima de 06 meses comprovada em carteira de trabalho<\/span><span style=\"font-weight: 400;\"><br \/>\n<\/span><span style=\"font-weight: 400;\">Disponibilidade para residir no local da empresa <\/span><span style=\"font-weight: 400;\"><br \/>\n<\/span><b>01 VAGA<\/b><span style=\"font-weight: 400;\">\u00a0<\/span><\/p>\n<p style=\"text-align: justify;\">\n<p style=\"text-align: justify;\"><b>SERVIR\u00c7OS GERAIS<\/b><b><br \/>\n<\/b><span style=\"font-weight: 400;\">Ensino Fundamental Completo<\/span> <b><br \/>\n<\/b><span style=\"font-weight: 400;\">Experi\u00eancia m\u00ednima de 06 meses comprovada em carteira de trabalho<\/span><span style=\"font-weight: 400;\"><br \/>\n<\/span><b>01 VAGA<\/b><b><\/p>\n<p><\/b><\/p>\n<p style=\"text-align: justify;\"><b>SUPERVISOR DE VENDAS<\/b><b><br \/>\n<\/b><span style=\"font-weight: 400;\">Ensino Superior Completo<\/span> <b><br \/>\n<\/b><span style=\"font-weight: 400;\">Experi\u00eancia m\u00ednima de 06 meses comprovada em carteira de trabalho<\/span><span style=\"font-weight: 400;\"><br \/>\n<\/span><span style=\"font-weight: 400;\">Inform\u00e1tica intermediaria <\/span><span style=\"font-weight: 400;\"><br \/>\n<\/span><span style=\"font-weight: 400;\">Possuir CNH categoria AB<\/span><span style=\"font-weight: 400;\"><br \/>\n<\/span><b>01 VAGA<\/b><\/p>\n<p style=\"text-align: justify;\"><span style=\"font-weight: 400;\">\u00a0\u00a0<\/span><\/p>\n<p style=\"text-align: justify;\"><b>VENDEDOR EXTERNO<\/b> <span style=\"font-weight: 400;\"><br \/>\n<\/span><span style=\"font-weight: 400;\">Ensino m\u00e9dio completo<\/span><\/p>\n<p style=\"text-align: justify;\"><span style=\"font-weight: 400;\">Experi\u00eancia m\u00ednima de 06 meses comprovada em carteira de trabalho<\/span><span style=\"font-weight: 400;\"><br \/>\n<\/span><span style=\"font-weight: 400;\">Possuir moto e\u00a0 CNH categoria A <\/span><span style=\"font-weight: 400;\"><br \/>\n<\/span><b>02 VAGAS<\/b><\/p>\n<p style=\"text-align: justify;\">\n<p style=\"text-align: justify;\"><b>CABELEIREIRO<\/b><\/p>\n<p style=\"text-align: justify;\"><span style=\"font-weight: 400;\">Ensino m\u00e9dio completo<\/span><\/p>\n<p style=\"text-align: justify;\"><span style=\"font-weight: 400;\">Experi\u00eancia m\u00ednima de 06 meses na fun\u00e7\u00e3o<\/span><span style=\"font-weight: 400;\"><br \/>\n<\/span><b>01 VAGA\u00a0<\/b><\/p>\n<p style=\"text-align: justify;\">\n<p style=\"text-align: justify;\"><b>DESIGNER DE SOBRANCELHAS<\/b><\/p>\n<p style=\"text-align: justify;\"><span style=\"font-weight: 400;\">Ensino m\u00e9dio completo<\/span><\/p>\n<p style=\"text-align: justify;\"><span style=\"font-weight: 400;\">Experi\u00eancia m\u00ednima de 06 meses na fun\u00e7\u00e3o<\/span><span style=\"font-weight: 400;\"><br \/>\n<\/span><b>01 VAGA\u00a0<\/b><\/p>\n<p style=\"text-align: justify;\">\n<p style=\"text-align: justify;\"><b>MAQUIADOR\u00a0<\/b><\/p>\n<p style=\"text-align: justify;\"><span style=\"font-weight: 400;\">Ensino m\u00e9dio completo<\/span><\/p>\n<p style=\"text-align: justify;\"><span style=\"font-weight: 400;\">Experi\u00eancia m\u00ednima de 06 meses na fun\u00e7\u00e3o<\/span><span style=\"font-weight: 400;\"><br \/>\n<\/span><b>01 VAGA\u00a0<\/b><\/p>\n<p style=\"text-align: justify;\">\n<p style=\"text-align: justify;\"><b>BALCONISTA <\/b><b><br \/>\n<\/b><span style=\"font-weight: 400;\">Ensino m\u00e9dio completo<\/span><\/p>\n<p style=\"text-align: justify;\"><span style=\"font-weight: 400;\">Experi\u00eancia m\u00ednima de 06 meses comprovada em carteira de trabalho<\/span> <b><br \/>\n<\/b><span style=\"font-weight: 400;\">Possuir conhecimento<\/span> <span style=\"font-weight: 400;\">na \u00e1rea de vendas de<\/span> <span style=\"font-weight: 400;\">pe\u00e7as de motos e bicicletas<\/span><span style=\"font-weight: 400;\"><br \/>\n<\/span><b>01 VAGA<\/b><\/p>\n<p style=\"text-align: justify;\">\n<p style=\"text-align: justify;\"><b>MECANICO DE MOTOCICLETAS <\/b><b><br \/>\n<\/b><span style=\"font-weight: 400;\">Ensino m\u00e9dio completo<\/span><\/p>\n<p style=\"text-align: justify;\"><span style=\"font-weight: 400;\">Experi\u00eancia m\u00ednima de 06 meses comprovada em carteira de trabalho<\/span><span style=\"font-weight: 400;\"><br \/>\n<\/span><b>01 VAGA<\/b><\/p>\n<p style=\"text-align: justify;\">\n<p style=\"text-align: justify;\"><b>MANICURE<\/b><b><br \/>\n<\/b><span style=\"font-weight: 400;\">Ensino m\u00e9dio incompleto<\/span> <b><br \/>\n<\/b><span style=\"font-weight: 400;\">Experi\u00eancia m\u00ednima de 06 meses na Fun\u00e7\u00e3o<\/span><b><br \/>\n<\/b><b>01 VAGA\u00a0<\/b><\/p>\n<p style=\"text-align: justify;\">\n<p style=\"text-align: justify;\"><b>ENTREGADOR DE GAS <\/b><b><br \/>\n<\/b><span style=\"font-weight: 400;\">Ensino m\u00e9dio completo<\/span><\/p>\n<p style=\"text-align: justify;\"><span style=\"font-weight: 400;\">Experi\u00eancia m\u00ednima de 06 meses comprovada em carteira de trabalho<\/span><span style=\"font-weight: 400;\"><br \/>\n<\/span><span style=\"font-weight: 400;\">Residir na Zona Sul de Ilh\u00e9us<\/span><span style=\"font-weight: 400;\"><br \/>\n<\/span><b>01 VAGA<\/b><span style=\"font-weight: 400;\">\u00a0<\/span><\/p>\n<p style=\"text-align: justify;\">\n<p style=\"text-align: justify;\"><b>TECNICO EM BALAN\u00c7AS<\/b> <span style=\"font-weight: 400;\"><br \/>\n<\/span><span style=\"font-weight: 400;\">Ensino m\u00e9dio t\u00e9cnico em Automa\u00e7\u00e3o, eletrot\u00e9cnica, Mecatr\u00f4nica, Instrumenta\u00e7\u00f5es ou eletromec\u00e2nica<\/span><span style=\"font-weight: 400;\"><br \/>\n<\/span><b>01 VAGA <\/b><span style=\"font-weight: 400;\"><\/p>\n<p><\/span><\/p>\n<p style=\"text-align: justify;\"><b>AUXILIAR DE ELETROTECNICO <\/b><span style=\"font-weight: 400;\"><br \/>\n<\/span><span style=\"font-weight: 400;\">Ensino m\u00e9dio t\u00e9cnico em Automa\u00e7\u00e3o, eletrot\u00e9cnica, Mecatr\u00f4nica, Instrumenta\u00e7\u00f5es ou eletromec\u00e2nica<\/span><span style=\"font-weight: 400;\"><br \/>\n<\/span><b>01 VAGA<\/b><span style=\"font-weight: 400;\"><\/p>\n<p><\/span><\/p>\n<p style=\"text-align: justify;\"><b>PIZZAIOLO <\/b><b><br \/>\n<\/b><span style=\"font-weight: 400;\">Ensino Fundamental Completo<\/span><\/p>\n<p style=\"text-align: justify;\"><span style=\"font-weight: 400;\">Experi\u00eancia m\u00ednima de 06 meses comprovada em carteira de trabalho<\/span><span style=\"font-weight: 400;\"><br \/>\n<\/span><b>01 VAGA<\/b> <span style=\"font-weight: 400;\"><br \/>\n<\/span><span style=\"font-weight: 400;\"><br \/>\n<\/span><b>GAR\u00c7ONETE <\/b><span style=\"font-weight: 400;\"><br \/>\n<\/span><span style=\"font-weight: 400;\">Ensino m\u00e9dio completo<\/span><\/p>\n<p style=\"text-align: justify;\"><span style=\"font-weight: 400;\">Experi\u00eancia m\u00ednima de 06 meses comprovada em carteira de trabalho<\/span><span style=\"font-weight: 400;\"><br \/>\n<\/span><b>01 VAGA<\/b><b><\/p>\n<p><\/b><\/p>\n<p style=\"text-align: justify;\"><b>PETISQUEIRA<\/b><b><br \/>\n<\/b><span style=\"font-weight: 400;\">Ensino m\u00e9dio completo<\/span><\/p>\n<p style=\"text-align: justify;\"><span style=\"font-weight: 400;\">Experi\u00eancia m\u00ednima de 06 meses comprovada em carteira de trabalho<\/span><span style=\"font-weight: 400;\"><br \/>\n<\/span><b>01 VAGA<\/b><\/p>\n","protected":false},"excerpt":{"rendered":"<p>SINEBAHIA oferece vagas de empregos para est\u00e1 ter\u00e7a- feira (19). Interessados devem se dirigir a unidade do SineBahia no SAC sala 14, situada \u00e0 Rua Eust\u00e1quio Bastos, 308 Centro Ilh\u00e9us e\/ou acessar o site empregabrasil.mte.gov.br, imprescind\u00edvel portar CTPS, RG, CPF, comprovantes de resid\u00eancia e escolaridade.\u00a0 SUPERVISORA DE GOVERNAN\u00c7A Ensino m\u00e9dio completo Experi\u00eancia m\u00ednima de 06 [&hellip;]<\/p>\n","protected":false},"author":2,"featured_media":7486,"comment_status":"open","ping_status":"open","sticky":false,"template":"","format":"standard","meta":{"_links_to":"","_links_to_target":""},"categories":[521],"tags":[],"_links":{"self":[{"href":"https:\/\/www.portalleonovais.com.br\/v1\/wp-json\/wp\/v2\/posts\/7716"}],"collection":[{"href":"https:\/\/www.portalleonovais.com.br\/v1\/wp-json\/wp\/v2\/posts"}],"about":[{"href":"https:\/\/www.portalleonovais.com.br\/v1\/wp-json\/wp\/v2\/types\/post"}],"author":[{"embeddable":true,"href":"https:\/\/www.portalleonovais.com.br\/v1\/wp-json\/wp\/v2\/users\/2"}],"replies":[{"embeddable":true,"href":"https:\/\/www.portalleonovais.com.br\/v1\/wp-json\/wp\/v2\/comments?post=7716"}],"version-history":[{"count":0,"href":"https:\/\/www.portalleonovais.com.br\/v1\/wp-json\/wp\/v2\/posts\/7716\/revisions"}],"wp:featuredmedia":[{"embeddable":true,"href":"https:\/\/www.portalleonovais.com.br\/v1\/wp-json\/wp\/v2\/media\/7486"}],"wp:attachment":[{"href":"https:\/\/www.portalleonovais.com.br\/v1\/wp-json\/wp\/v2\/media?parent=7716"}],"wp:term":[{"taxonomy":"category","embeddable":true,"href":"https:\/\/www.portalleonovais.com.br\/v1\/wp-json\/wp\/v2\/categories?post=7716"},{"taxonomy":"post_tag","embeddable":true,"href":"https:\/\/www.portalleonovais.com.br\/v1\/wp-json\/wp\/v2\/tags?post=7716"}],"curies":[{"name":"wp","href":"https:\/\/api.w.org\/{rel}","templated":true}]}}