{"id":7736,"date":"2019-11-21T15:56:02","date_gmt":"2019-11-21T18:56:02","guid":{"rendered":"https:\/\/www.leonovaisnoticias.com.br\/v1\/?p=7736"},"modified":"2019-11-21T15:56:02","modified_gmt":"2019-11-21T18:56:02","slug":"empregos-confira-as-vagas-do-sinebahia-de-ilheus-para-sexta-feira-22","status":"publish","type":"post","link":"https:\/\/www.portalleonovais.com.br\/v1\/2019\/11\/21\/empregos-confira-as-vagas-do-sinebahia-de-ilheus-para-sexta-feira-22\/","title":{"rendered":"EMPREGOS: Confira as Vagas do Sinebahia de Ilh\u00e9us para sexta\u2013 feira (22)"},"content":{"rendered":"<p><img decoding=\"async\" loading=\"lazy\" class=\"size-medium wp-image-7486 aligncenter\" src=\"https:\/\/www.leonovaisnoticias.com.br\/v1\/wp-content\/uploads\/2019\/11\/SineBahia-02-300x167.jpg\" alt=\"\" width=\"300\" height=\"167\" srcset=\"https:\/\/www.portalleonovais.com.br\/v1\/wp-content\/uploads\/2019\/11\/SineBahia-02-300x167.jpg 300w, https:\/\/www.portalleonovais.com.br\/v1\/wp-content\/uploads\/2019\/11\/SineBahia-02.jpg 768w\" sizes=\"(max-width: 300px) 100vw, 300px\" \/><\/p>\n<p style=\"text-align: justify;\"><b>SINEBAHIA oferece vagas de empregos para est\u00e1 sexta \u2013 feira (22). Interessados devem se dirigir a unidade do SineBahia no SAC sala 14, situada \u00e0 Rua Eust\u00e1quio Bastos, 308 Centro Ilh\u00e9us e\/ou acessar o site <a href=\"https:\/\/empregabrasil.mte.gov.br\/\">empregabrasil.mte.gov.br<\/a>, i<\/b><b>mprescind\u00edvel portar CTPS, RG, CPF, comprovantes de resid\u00eancia e escolaridade.\u00a0<\/b><\/p>\n<p>&nbsp;<\/p>\n<p style=\"text-align: justify;\"><b>REPOSITOR DE SUPERMERCADO (PCD)<\/b><\/p>\n<p style=\"text-align: justify;\"><span style=\"font-weight: 400;\">Vaga exclusiva para Pessoas com defici\u00eancia <\/span><span style=\"font-weight: 400;\"><br \/>\n<\/span><span style=\"font-weight: 400;\">Ensino M\u00e9dio Completo<\/span><span style=\"font-weight: 400;\"><br \/>\n<\/span><span style=\"font-weight: 400;\">Experi\u00eancia m\u00ednima de 06 meses comprovada em carteira de trabalho <\/span><span style=\"font-weight: 400;\"><br \/>\n<\/span><span style=\"font-weight: 400;\">Apresentar Laudo <\/span><span style=\"font-weight: 400;\"><br \/>\n<\/span><b>01 VAGA<\/b><\/p>\n<p style=\"text-align: justify;\">\n<p style=\"text-align: justify;\"><b>TECNICO DE ENFERMAGEM <\/b><b><br \/>\n<\/b><span style=\"font-weight: 400;\">Ensino m\u00e9dio t\u00e9cnico de Enfermagem<\/span> <b><br \/>\n<\/b><span style=\"font-weight: 400;\">Experi\u00eancia m\u00ednima de 06 meses comprovada em carteira de trabalho<\/span><span style=\"font-weight: 400;\"><br \/>\n<\/span><b>01 VAGA<\/b> <b><\/p>\n<p><\/b><\/p>\n<p style=\"text-align: justify;\"><b>CONFEITEIRO<\/b><\/p>\n<p style=\"text-align: justify;\"><span style=\"font-weight: 400;\">Ensino Fundamental Completo<\/span><\/p>\n<p style=\"text-align: justify;\"><span style=\"font-weight: 400;\">Experi\u00eancia m\u00ednima de 06 meses comprovada em carteira de trabalho<\/span><span style=\"font-weight: 400;\"><br \/>\n<\/span><b>01 VAGA\u00a0<\/b><\/p>\n<p style=\"text-align: justify;\">\n<p style=\"text-align: justify;\"><b>CHURRASQUEIRO <\/b><b><br \/>\n<\/b><span style=\"font-weight: 400;\">Ensino Fundamental Completo<\/span><\/p>\n<p style=\"text-align: justify;\"><span style=\"font-weight: 400;\">Experi\u00eancia m\u00ednima de 06 meses na fun\u00e7\u00e3o<\/span><span style=\"font-weight: 400;\"><br \/>\n<\/span><b>01 VAGA<\/b><span style=\"font-weight: 400;\">\u00a0<\/span><\/p>\n<p style=\"text-align: justify;\">\n<p style=\"text-align: justify;\"><b>MOTORISTA DE CAMINH\u00c3O MUNK<\/b><span style=\"font-weight: 400;\"><br \/>\n<\/span><span style=\"font-weight: 400;\">Ensino Fundamental Completo<\/span><\/p>\n<p style=\"text-align: justify;\"><span style=\"font-weight: 400;\">Experi\u00eancia m\u00ednima de 06 meses comprovada em carteira de trabalho<\/span><span style=\"font-weight: 400;\"><br \/>\n<\/span><span style=\"font-weight: 400;\">Possuir curso atualizado de MUNK<\/span><span style=\"font-weight: 400;\"><br \/>\n<\/span><b>01 VAGA<\/b><span style=\"font-weight: 400;\">\u00a0<\/span><\/p>\n<p style=\"text-align: justify;\"><span style=\"font-weight: 400;\"><br \/>\n<\/span><b>MOTORISTA DE CAMINH\u00c3O &#8211; GUINDASTE<\/b> <span style=\"font-weight: 400;\"><br \/>\n<\/span><span style=\"font-weight: 400;\">Ensino Fundamental Completo<\/span><\/p>\n<p style=\"text-align: justify;\"><span style=\"font-weight: 400;\">Experi\u00eancia m\u00ednima de 06 meses comprovada em carteira de trabalho<\/span><span style=\"font-weight: 400;\"><br \/>\n<\/span><span style=\"font-weight: 400;\">Possuir curso atualizado de GUINDASTE <\/span><span style=\"font-weight: 400;\"><br \/>\n<\/span><b>01 VAGA<\/b><span style=\"font-weight: 400;\">\u00a0<\/span><\/p>\n<p style=\"text-align: justify;\">\n<p style=\"text-align: justify;\"><b>SUPERVISORA DE GOVERNAN\u00c7A<\/b><b><br \/>\n<\/b><span style=\"font-weight: 400;\">Ensino m\u00e9dio completo<\/span><\/p>\n<p style=\"text-align: justify;\"><span style=\"font-weight: 400;\">Experi\u00eancia m\u00ednima de 06 meses na fun\u00e7\u00e3o<\/span><span style=\"font-weight: 400;\"><br \/>\n<\/span><span style=\"font-weight: 400;\">Preferencialmente residir em UNA ou CANAVIEIRAS <\/span><span style=\"font-weight: 400;\"><br \/>\n<\/span><b>02 VAGAS<\/b><b><br \/>\n<\/b><b><br \/>\n<\/b><b>MEC\u00c2NICO DE REFRIGERA\u00c7\u00c3O <\/b><b><br \/>\n<\/b><span style=\"font-weight: 400;\">Ensino Fundamental Completo<\/span><\/p>\n<p style=\"text-align: justify;\"><span style=\"font-weight: 400;\">Experi\u00eancia m\u00ednima de 06 meses comprovada em carteira de trabalho<\/span><span style=\"font-weight: 400;\"><br \/>\n<\/span><span style=\"font-weight: 400;\">Possuir curso NR10 e NR35 atualizado<\/span><span style=\"font-weight: 400;\"><br \/>\n<\/span><span style=\"font-weight: 400;\">Preferencialmente residir em UNA ou CANAVIEIRAS<\/span><span style=\"font-weight: 400;\"><br \/>\n<\/span><b>02 VAGAS<\/b><b><br \/>\n<\/b><b><br \/>\n<\/b><b>T\u00c9CNICO DE REFRIGERA\u00c7\u00c3O<\/b><b><br \/>\n<\/b><span style=\"font-weight: 400;\">Ensino m\u00e9dio t\u00e9cnico em refrigera\u00e7\u00e3o<\/span><span style=\"font-weight: 400;\"><br \/>\n<\/span><span style=\"font-weight: 400;\">Experi\u00eancia m\u00ednima de 06 meses comprovada em carteira de trabalho<\/span><span style=\"font-weight: 400;\"><br \/>\n<\/span><span style=\"font-weight: 400;\">Possuir curso NR10 e NR35 atualizado<\/span><span style=\"font-weight: 400;\"><br \/>\n<\/span><span style=\"font-weight: 400;\">Preferencialmente residir em UNA ou CANAVIEIRAS<\/span><span style=\"font-weight: 400;\"><br \/>\n<\/span><b>01 VAGA<\/b><\/p>\n<p style=\"text-align: justify;\">\n<p style=\"text-align: justify;\"><b>MEC\u00c2NICO AUTOMOTIVO\/INDUSTRIAL<\/b><b><br \/>\n<\/b><span style=\"font-weight: 400;\">Ensino Fundamental Completo<\/span><\/p>\n<p style=\"text-align: justify;\"><span style=\"font-weight: 400;\">Experi\u00eancia m\u00ednima de 06 meses comprovada em carteira de trabalho<\/span><span style=\"font-weight: 400;\"><br \/>\n<\/span><span style=\"font-weight: 400;\">Curso t\u00e9cnico na \u00e1rea de mec\u00e2nica ser\u00e1 um diferencial <\/span><span style=\"font-weight: 400;\"><br \/>\n<\/span><b>02 VAGAS<\/b><\/p>\n<p style=\"text-align: justify;\">\n<p style=\"text-align: justify;\"><b>AJUDANTE DE COZINHA<\/b><span style=\"font-weight: 400;\"><br \/>\n<\/span><span style=\"font-weight: 400;\">Ensino Fundamental Completo<\/span><\/p>\n<p style=\"text-align: justify;\"><span style=\"font-weight: 400;\">Experi\u00eancia m\u00ednima de 06 meses comprovada em carteira de trabalho<\/span><span style=\"font-weight: 400;\"><br \/>\n<\/span><span style=\"font-weight: 400;\">Preferencialmente residir na zona sul de ilh\u00e9us <\/span><span style=\"font-weight: 400;\"><br \/>\n<\/span><b>02 VAGAS<\/b><\/p>\n<p style=\"text-align: justify;\">\n<p style=\"text-align: justify;\"><b>COZINHEIRO<\/b> <span style=\"font-weight: 400;\"><br \/>\n<\/span><span style=\"font-weight: 400;\">Ensino Fundamental Completo<\/span><\/p>\n<p style=\"text-align: justify;\"><span style=\"font-weight: 400;\">Experi\u00eancia m\u00ednima de 06 meses comprovada em carteira de trabalho<\/span><span style=\"font-weight: 400;\"><br \/>\n<\/span><b>01 VAGA<\/b><b><\/p>\n<p><\/b><\/p>\n<p style=\"text-align: justify;\"><b>TRABALHADOR DA CULTURA DO CACAU<\/b><b><br \/>\n<\/b><span style=\"font-weight: 400;\">Ensino Fundamental Completo<\/span><\/p>\n<p style=\"text-align: justify;\"><span style=\"font-weight: 400;\">Experi\u00eancia m\u00ednima de 06 meses comprovada em carteira de trabalho<\/span><span style=\"font-weight: 400;\"><br \/>\n<\/span><span style=\"font-weight: 400;\">Disponibilidade para residir no local da empresa <\/span><span style=\"font-weight: 400;\"><br \/>\n<\/span><b>01 VAGA<\/b><span style=\"font-weight: 400;\">\u00a0<\/span><\/p>\n<p style=\"text-align: justify;\">\n<p style=\"text-align: justify;\"><b>SUPERVISOR DE VENDAS<\/b><b><br \/>\n<\/b><span style=\"font-weight: 400;\">Ensino Superior Completo<\/span> <b><br \/>\n<\/b><span style=\"font-weight: 400;\">Experi\u00eancia m\u00ednima de 06 meses comprovada em carteira de trabalho<\/span><span style=\"font-weight: 400;\"><br \/>\n<\/span><span style=\"font-weight: 400;\">Inform\u00e1tica intermediaria <\/span><span style=\"font-weight: 400;\"><br \/>\n<\/span><span style=\"font-weight: 400;\">Possuir CNH categoria AB<\/span><span style=\"font-weight: 400;\"><br \/>\n<\/span><b>01 VAGA<\/b><\/p>\n<p style=\"text-align: justify;\"><span style=\"font-weight: 400;\">\u00a0\u00a0<\/span><\/p>\n<p style=\"text-align: justify;\"><b>VENDEDOR EXTERNO<\/b> <span style=\"font-weight: 400;\"><br \/>\n<\/span><span style=\"font-weight: 400;\">Ensino m\u00e9dio completo<\/span><\/p>\n<p style=\"text-align: justify;\"><span style=\"font-weight: 400;\">Experi\u00eancia m\u00ednima de 06 meses comprovada em carteira de trabalho<\/span><span style=\"font-weight: 400;\"><br \/>\n<\/span><span style=\"font-weight: 400;\">Possuir moto e CNH categoria A <\/span><span style=\"font-weight: 400;\"><br \/>\n<\/span><b>02 VAGAS<\/b><\/p>\n<p style=\"text-align: justify;\">\n<p style=\"text-align: justify;\"><b>CABELEIREIRO<\/b><\/p>\n<p style=\"text-align: justify;\"><span style=\"font-weight: 400;\">Ensino m\u00e9dio completo<\/span><\/p>\n<p style=\"text-align: justify;\"><span style=\"font-weight: 400;\">Experi\u00eancia m\u00ednima de 06 meses na fun\u00e7\u00e3o<\/span><span style=\"font-weight: 400;\"><br \/>\n<\/span><b>01 VAGA\u00a0<\/b><\/p>\n<p style=\"text-align: justify;\">\n<p style=\"text-align: justify;\"><b>BALCONISTA <\/b><b><br \/>\n<\/b><span style=\"font-weight: 400;\">Ensino m\u00e9dio completo<\/span><\/p>\n<p style=\"text-align: justify;\"><span style=\"font-weight: 400;\">Experi\u00eancia m\u00ednima de 06 meses comprovada em carteira de trabalho<\/span> <b><br \/>\n<\/b><span style=\"font-weight: 400;\">Possuir conhecimento<\/span> <span style=\"font-weight: 400;\">na \u00e1rea de vendas de<\/span> <span style=\"font-weight: 400;\">pe\u00e7as de motos e bicicletas<\/span><span style=\"font-weight: 400;\"><br \/>\n<\/span><b>01 VAGA<\/b><\/p>\n<p style=\"text-align: justify;\">\n<p style=\"text-align: justify;\"><b>MECANICO DE MOTOCICLETAS <\/b><b><br \/>\n<\/b><span style=\"font-weight: 400;\">Ensino m\u00e9dio completo<\/span><\/p>\n<p style=\"text-align: justify;\"><span style=\"font-weight: 400;\">Experi\u00eancia m\u00ednima de 06 meses comprovada em carteira de trabalho<\/span><span style=\"font-weight: 400;\"><br \/>\n<\/span><b>01 VAGA<\/b><\/p>\n<p style=\"text-align: justify;\">\n<p style=\"text-align: justify;\"><b>MANICURE<\/b><b><br \/>\n<\/b><span style=\"font-weight: 400;\">Ensino m\u00e9dio incompleto<\/span> <b><br \/>\n<\/b><span style=\"font-weight: 400;\">Experi\u00eancia m\u00ednima de 06 meses na Fun\u00e7\u00e3o<\/span><b><br \/>\n<\/b><b>01 VAGA\u00a0<\/b><\/p>\n<p style=\"text-align: justify;\">\n<p style=\"text-align: justify;\"><b>ENTREGADOR DE GAS <\/b><b><br \/>\n<\/b><span style=\"font-weight: 400;\">Ensino m\u00e9dio completo<\/span><\/p>\n<p style=\"text-align: justify;\"><span style=\"font-weight: 400;\">Experi\u00eancia m\u00ednima de 06 meses comprovada em carteira de trabalho<\/span><span style=\"font-weight: 400;\"><br \/>\n<\/span><span style=\"font-weight: 400;\">Residir na Zona Sul de Ilh\u00e9us<\/span><span style=\"font-weight: 400;\"><br \/>\n<\/span><b>01 VAGA<\/b><span style=\"font-weight: 400;\">\u00a0<\/span><\/p>\n<p style=\"text-align: justify;\">\n<p style=\"text-align: justify;\"><b>PIZZAIOLO <\/b><b><br \/>\n<\/b><span style=\"font-weight: 400;\">Ensino Fundamental Completo<\/span><\/p>\n<p style=\"text-align: justify;\"><span style=\"font-weight: 400;\">Experi\u00eancia m\u00ednima de 06 meses comprovada em carteira de trabalho<\/span><span style=\"font-weight: 400;\"><br \/>\n<\/span><b>01 VAGA<\/b> <span style=\"font-weight: 400;\"><br \/>\n<\/span><span style=\"font-weight: 400;\"><br \/>\n<\/span><b>GAR\u00c7ONETE <\/b><span style=\"font-weight: 400;\"><br \/>\n<\/span><span style=\"font-weight: 400;\">Ensino m\u00e9dio completo<\/span><\/p>\n<p style=\"text-align: justify;\"><span style=\"font-weight: 400;\">Experi\u00eancia m\u00ednima de 06 meses comprovada em carteira de trabalho<\/span><span style=\"font-weight: 400;\"><br \/>\n<\/span><b>01 VAGA<\/b><b><\/p>\n<p><\/b><\/p>\n<p style=\"text-align: justify;\"><b>PETISQUEIRA<\/b><b><br \/>\n<\/b><span style=\"font-weight: 400;\">Ensino m\u00e9dio completo<\/span><\/p>\n<p style=\"text-align: justify;\"><span style=\"font-weight: 400;\">Experi\u00eancia m\u00ednima de 06 meses comprovada em carteira de trabalho<\/span><span style=\"font-weight: 400;\"><br \/>\n<\/span><b>01 VAGA<\/b><\/p>\n","protected":false},"excerpt":{"rendered":"<p>SINEBAHIA oferece vagas de empregos para est\u00e1 sexta \u2013 feira (22). Interessados devem se dirigir a unidade do SineBahia no SAC sala 14, situada \u00e0 Rua Eust\u00e1quio Bastos, 308 Centro Ilh\u00e9us e\/ou acessar o site empregabrasil.mte.gov.br, imprescind\u00edvel portar CTPS, RG, CPF, comprovantes de resid\u00eancia e escolaridade.\u00a0 &nbsp; REPOSITOR DE SUPERMERCADO (PCD) Vaga exclusiva para Pessoas [&hellip;]<\/p>\n","protected":false},"author":2,"featured_media":7486,"comment_status":"open","ping_status":"open","sticky":false,"template":"","format":"standard","meta":{"_links_to":"","_links_to_target":""},"categories":[521],"tags":[],"_links":{"self":[{"href":"https:\/\/www.portalleonovais.com.br\/v1\/wp-json\/wp\/v2\/posts\/7736"}],"collection":[{"href":"https:\/\/www.portalleonovais.com.br\/v1\/wp-json\/wp\/v2\/posts"}],"about":[{"href":"https:\/\/www.portalleonovais.com.br\/v1\/wp-json\/wp\/v2\/types\/post"}],"author":[{"embeddable":true,"href":"https:\/\/www.portalleonovais.com.br\/v1\/wp-json\/wp\/v2\/users\/2"}],"replies":[{"embeddable":true,"href":"https:\/\/www.portalleonovais.com.br\/v1\/wp-json\/wp\/v2\/comments?post=7736"}],"version-history":[{"count":0,"href":"https:\/\/www.portalleonovais.com.br\/v1\/wp-json\/wp\/v2\/posts\/7736\/revisions"}],"wp:featuredmedia":[{"embeddable":true,"href":"https:\/\/www.portalleonovais.com.br\/v1\/wp-json\/wp\/v2\/media\/7486"}],"wp:attachment":[{"href":"https:\/\/www.portalleonovais.com.br\/v1\/wp-json\/wp\/v2\/media?parent=7736"}],"wp:term":[{"taxonomy":"category","embeddable":true,"href":"https:\/\/www.portalleonovais.com.br\/v1\/wp-json\/wp\/v2\/categories?post=7736"},{"taxonomy":"post_tag","embeddable":true,"href":"https:\/\/www.portalleonovais.com.br\/v1\/wp-json\/wp\/v2\/tags?post=7736"}],"curies":[{"name":"wp","href":"https:\/\/api.w.org\/{rel}","templated":true}]}}