{"id":7737,"date":"2019-11-21T17:07:16","date_gmt":"2019-11-21T20:07:16","guid":{"rendered":"https:\/\/www.leonovaisnoticias.com.br\/v1\/?p=7737"},"modified":"2019-11-21T17:07:16","modified_gmt":"2019-11-21T20:07:16","slug":"politica-bolsonaro-lanca-novo-partido-que-defende-deus-armas-e-oposicao-ao-comunismo","status":"publish","type":"post","link":"https:\/\/www.portalleonovais.com.br\/v1\/2019\/11\/21\/politica-bolsonaro-lanca-novo-partido-que-defende-deus-armas-e-oposicao-ao-comunismo\/","title":{"rendered":"Pol\u00edtica: Bolsonaro lan\u00e7a novo partido que defende Deus, armas e oposi\u00e7\u00e3o ao comunismo"},"content":{"rendered":"<header class=\"main-hdr \">\n<div id=\"attachment_7738\" style=\"width: 310px\" class=\"wp-caption alignleft\"><img aria-describedby=\"caption-attachment-7738\" decoding=\"async\" loading=\"lazy\" class=\"wp-image-7738 size-medium\" src=\"https:\/\/www.leonovaisnoticias.com.br\/v1\/wp-content\/uploads\/2019\/11\/reuniao-brics-300x180.jpg\" alt=\"\" width=\"300\" height=\"180\" srcset=\"https:\/\/www.portalleonovais.com.br\/v1\/wp-content\/uploads\/2019\/11\/reuniao-brics-300x180.jpg 300w, https:\/\/www.portalleonovais.com.br\/v1\/wp-content\/uploads\/2019\/11\/reuniao-brics-768x461.jpg 768w, https:\/\/www.portalleonovais.com.br\/v1\/wp-content\/uploads\/2019\/11\/reuniao-brics-1024x615.jpg 1024w, https:\/\/www.portalleonovais.com.br\/v1\/wp-content\/uploads\/2019\/11\/reuniao-brics.jpg 1086w\" sizes=\"(max-width: 300px) 100vw, 300px\" \/><p id=\"caption-attachment-7738\" class=\"wp-caption-text\">Por: Estad\u00e3o<\/p><\/div>\n<h2 class=\"main-hdr-subtitle\" style=\"text-align: justify;\">Em discurso, o presidente disse querer que a nova legenda &#8216;reze nossa cartilha&#8217;: &#8216;Assim atingiremos de verdade os nossos objetivos&#8217;<\/h2>\n<div class=\"main-hdr-state\" style=\"text-align: justify;\">\n<div><\/div>\n<\/div>\n<\/header>\n<section class=\"corpo-formatado\">\n<p style=\"text-align: justify;\">BRAS\u00cdLIA &#8211; O partido\u00a0<a href=\"https:\/\/tudo-sobre.estadao.com.br\/alianca-pelo-brasil-partido-politico\"><strong>Alian\u00e7a pelo Brasil<\/strong><\/a>, que o presidente\u00a0<a href=\"https:\/\/tudo-sobre.estadao.com.br\/jair-bolsonaro\"><strong>Jair Bolsonaro\u00a0<\/strong><\/a>trabalha para tirar do papel, realiza nesta quinta-feira, 21, a sua conven\u00e7\u00e3o de lan\u00e7amento, sob forte discurso de respeito a Deus, a religi\u00f5es e de oposi\u00e7\u00e3o a movimentos de esquerda.\u00a0<a href=\"https:\/\/politica.estadao.com.br\/noticias\/geral,bolsonaro-assina-carta-de-desfiliacao-do-psl,70003095378.amp\">Bolsonaro assinou na ter\u00e7a-feira, 19, a desfilia\u00e7\u00e3o do PSL<\/a>, partido pelo qual se elegeu em 2018.\u00a0 Em discurso, o presidente disse querer que a nova legenda &#8220;reze nossa cartilha&#8221;. &#8220;Assim atingiremos de verdade os nossos objetivos&#8221;, explicou.<\/p>\n<p style=\"text-align: justify;\">A fala de Bolsonaro foi feita a uma plateia inflamada, com seus apoiadores participando, aos gritos, em apoio ao presidente. N\u00e3o faltaram tamb\u00e9m cr\u00edticas da plateia a parlamentares vistos pelos bolsonaristas como &#8220;traidores&#8221;, como o deputado federal por S\u00e3o Paulo Alexandre Frota, agora no PSDB. Aos apoiadores, o presidente Bolsonaro disse que cr\u00edticas ao governo s\u00e3o bem-vindas, mas pediu comedimento. &#8220;Vamos fazer cr\u00edticas, cr\u00edticas mas moderadas.&#8221;<\/p>\n<p style=\"text-align: justify;\">Em um audit\u00f3rio lotado de um hotel de luxo de Bras\u00edlia, a advogada\u00a0<strong><a href=\"https:\/\/tudo-sobre.estadao.com.br\/karina-kufa\">Karina Kufa<\/a>\u00a0<\/strong>fez, antes do discurso de Bolsonaro,\u00a0a leitura dos princ\u00edpios do partido. \u201cO povo deu norte da nova representa\u00e7\u00e3o pol\u00edtica. Em 2019, novo passo precisa ser dado. Criar partido que d\u00ea voz ao povo brasileiro\u201d, afirmou.<\/p>\n<p style=\"text-align: justify;\">Karina Kufa afirmou que o partido \u00e9 conservador, comprometido com a liberdade e ordem, soberanista e de oposi\u00e7\u00e3o \u00e0s &#8220;falsas promessas do globalismo&#8221;.<\/p>\n<p style=\"text-align: justify;\">O programa tem os seguintes princ\u00edpios:<\/p>\n<ul style=\"text-align: justify;\">\n<li>&#8211; respeito a Deus e \u00e0 religi\u00e3o<\/li>\n<li>&#8211; respeito \u00e0 mem\u00f3ria e \u00e0 cultura do povo brasileiro<\/li>\n<li>&#8211; defesa da vida<\/li>\n<li>&#8211; garantia de ordem e da seguran\u00e7a<\/li>\n<\/ul>\n<p style=\"text-align: justify;\">O programa afirma que o partido &#8220;reconhece o lugar de Deus na vida, na hist\u00f3ria e na alma do povo brasileiro&#8221;. H\u00e1 ainda defesa da posse de armas.<\/p>\n<p style=\"text-align: justify;\">Karina Kufa disse que o partido &#8220;se esfor\u00e7ar\u00e1 para divulgar verdades sobre crimes do movimento revolucion\u00e1rio, como comunismo, globalismo e nazifascismo&#8221;. Ainda segundo a advogada, a sigla estabelecer\u00e1 rela\u00e7\u00f5es com partidos e entidades de pa\u00edses que &#8220;venceram o comunismo&#8221;, como do Leste Europeu.<\/p>\n<p style=\"text-align: justify;\">&#8220;O Alian\u00e7a pelo Brasil repudia o socialismo e o comunismo&#8221;, afirmou Karina Kufa. A frase foi bastante aplaudida pelos presentes. A plateia come\u00e7ou a gritar: &#8220;A nossa bandeira jamais ser\u00e1 vermelha&#8221;.<\/p>\n<h3 class=\"intertitulo\" style=\"text-align: justify;\">Elei\u00e7\u00f5es 2020<\/h3>\n<p style=\"text-align: justify;\">Antes de ir para o evento, Bolsonaro disse que\u00a0<a href=\"https:\/\/politica.estadao.com.br\/noticias\/geral,se-partido-nao-for-aprovado-ate-marco-bolsonaro-fica-fora-da-eleicao-municipal,70003097293.amp\">n\u00e3o &#8220;entra&#8221; na elei\u00e7\u00e3o para prefeito e vereadores em 2020<\/a>, caso a cria\u00e7\u00e3o do partido Alian\u00e7a Pelo Brasil n\u00e3o seja aprovada at\u00e9 mar\u00e7o. &#8220;Se for poss\u00edvel a (coleta de assinaturas para cria\u00e7\u00e3o da legenda) eletr\u00f4nica, a gente forma um partido para mar\u00e7o. Se n\u00e3o for poss\u00edvel, eu n\u00e3o vou entrar em disputas municipais no ano que vem, estou fora.&#8221;<\/p>\n<p style=\"text-align: justify;\">Cr\u00edtico do voto eletr\u00f4nico, Bolsonaro questionou: &#8220;Estamos aguardando decis\u00e3o do\u00a0<a href=\"https:\/\/tudo-sobre.estadao.com.br\/tse-tribunal-superior-eleitoral\"><strong>TSE\u00a0<\/strong>(<strong>Tribunal Superior Eleitoral<\/strong>)<\/a>\u00a0se pode a coleta de assinatura eletr\u00f4nica. O voto pode, assinatura n\u00e3o pode? De acordo com a decis\u00e3o, a gente vai saber se forma para mar\u00e7o ou para o final do ano que vem&#8221;, afirmou o presidente. Em parecer enviado na ter\u00e7a-feira, 19, ao TSE, o vice-procurador-geral eleitoral,\u00a0<strong>Humberto Jacques<\/strong>, se manifestou contra a coleta de assinaturas digitais para a cria\u00e7\u00e3o de partidos. Para Jacques, todo o esfor\u00e7o na Justi\u00e7a Eleitoral \u00e9 \u201cdevotado ao tratamento dos documentos em papel\u201d.<\/p>\n<h3 class=\"intertitulo\" style=\"text-align: justify;\">&#8220;Culto&#8221;<\/h3>\n<p style=\"text-align: justify;\">Concorrido, o primeiro encontro oficial do Alian\u00e7a pelo Brasil deixou muita gente de fora. Alguns deputados tiveram dificuldade para chegar ao evento. O deputado\u00a0<strong>Junio Amaral\u00a0<\/strong>(PSL-MG) desistiu de esperar no tr\u00e2nsito que se formou no caminho \u00a0e andou alguns metros at\u00e9 chegar ao local. J\u00e1 na entrada, teve de aguardar a confer\u00eancia do seu nome na lista e enfrentar o aglomerado de pessoas que tentavam entrar. \u201cN\u00e3o posso colocar ningu\u00e9m para dentro, n\u00e3o fa\u00e7o parte da organiza\u00e7\u00e3o\u201d, tentava se explicar outro parlamentar que chegou em cima da hora, o deputado\u00a0<strong>H\u00e9lio Lopes\u00a0<\/strong>(PSL-RJ).<\/p>\n<p style=\"text-align: justify;\">No audit\u00f3rio,\u00a0<strong>o clima lembrava um culto religioso<\/strong>. As interven\u00e7\u00f5es do p\u00fablico aos discursos s\u00e3o incentivadas e aplaudidas. \u201cDeus \u00e9 tudo!\u201d, gritam os participantes, lembrando as celebra\u00e7\u00f5es religiosas.<\/p>\n<p style=\"text-align: justify;\">O empres\u00e1rio\u00a0<a href=\"https:\/\/tudo-sobre.estadao.com.br\/luciano-hang\"><strong>Luciano Hang<\/strong><\/a>, com seu tradicional terno verde, foi recebido como celebridade, sendo bastante aplaudido. Ele \u00e9 um dos que comp\u00f5em o palco ao lado do presidente e da primeira-dama,\u00a0<a href=\"http:\/\/tudo-sobre.estadao.com.br\/michelle-bolsonaro\"><strong>Michelle Bolsonaro<\/strong><\/a>.<\/p>\n<p style=\"text-align: justify;\">\n<\/section>\n","protected":false},"excerpt":{"rendered":"<p>Em discurso, o presidente disse querer que a nova legenda &#8216;reze nossa cartilha&#8217;: &#8216;Assim atingiremos de verdade os nossos objetivos&#8217; BRAS\u00cdLIA &#8211; O partido\u00a0Alian\u00e7a pelo Brasil, que o presidente\u00a0Jair Bolsonaro\u00a0trabalha para tirar do papel, realiza nesta quinta-feira, 21, a sua conven\u00e7\u00e3o de lan\u00e7amento, sob forte discurso de respeito a Deus, a religi\u00f5es e de oposi\u00e7\u00e3o [&hellip;]<\/p>\n","protected":false},"author":2,"featured_media":7738,"comment_status":"open","ping_status":"open","sticky":false,"template":"","format":"standard","meta":{"_links_to":"","_links_to_target":""},"categories":[522],"tags":[],"_links":{"self":[{"href":"https:\/\/www.portalleonovais.com.br\/v1\/wp-json\/wp\/v2\/posts\/7737"}],"collection":[{"href":"https:\/\/www.portalleonovais.com.br\/v1\/wp-json\/wp\/v2\/posts"}],"about":[{"href":"https:\/\/www.portalleonovais.com.br\/v1\/wp-json\/wp\/v2\/types\/post"}],"author":[{"embeddable":true,"href":"https:\/\/www.portalleonovais.com.br\/v1\/wp-json\/wp\/v2\/users\/2"}],"replies":[{"embeddable":true,"href":"https:\/\/www.portalleonovais.com.br\/v1\/wp-json\/wp\/v2\/comments?post=7737"}],"version-history":[{"count":0,"href":"https:\/\/www.portalleonovais.com.br\/v1\/wp-json\/wp\/v2\/posts\/7737\/revisions"}],"wp:featuredmedia":[{"embeddable":true,"href":"https:\/\/www.portalleonovais.com.br\/v1\/wp-json\/wp\/v2\/media\/7738"}],"wp:attachment":[{"href":"https:\/\/www.portalleonovais.com.br\/v1\/wp-json\/wp\/v2\/media?parent=7737"}],"wp:term":[{"taxonomy":"category","embeddable":true,"href":"https:\/\/www.portalleonovais.com.br\/v1\/wp-json\/wp\/v2\/categories?post=7737"},{"taxonomy":"post_tag","embeddable":true,"href":"https:\/\/www.portalleonovais.com.br\/v1\/wp-json\/wp\/v2\/tags?post=7737"}],"curies":[{"name":"wp","href":"https:\/\/api.w.org\/{rel}","templated":true}]}}