{"id":8608,"date":"2020-03-12T09:12:47","date_gmt":"2020-03-12T12:12:47","guid":{"rendered":"https:\/\/www.leonovaisnoticias.com.br\/v1\/?p=8608"},"modified":"2020-03-12T09:12:47","modified_gmt":"2020-03-12T12:12:47","slug":"micareta-de-feira-sesab-nega-elaboracao-de-nota-tecnica-de-realizacao-ou-nao-do-evento","status":"publish","type":"post","link":"https:\/\/www.portalleonovais.com.br\/v1\/2020\/03\/12\/micareta-de-feira-sesab-nega-elaboracao-de-nota-tecnica-de-realizacao-ou-nao-do-evento\/","title":{"rendered":"Micareta de Feira: Sesab nega elabora\u00e7\u00e3o de nota t\u00e9cnica de realiza\u00e7\u00e3o ou n\u00e3o do evento"},"content":{"rendered":"<p style=\"text-align: justify;\"><img decoding=\"async\" loading=\"lazy\" class=\"aligncenter size-medium wp-image-8609\" src=\"https:\/\/www.leonovaisnoticias.com.br\/v1\/wp-content\/uploads\/2020\/03\/micareta-foto-prefeitura-de-feira-de-santana-300x194.jpg\" alt=\"\" width=\"300\" height=\"194\" srcset=\"https:\/\/www.portalleonovais.com.br\/v1\/wp-content\/uploads\/2020\/03\/micareta-foto-prefeitura-de-feira-de-santana-300x194.jpg 300w, https:\/\/www.portalleonovais.com.br\/v1\/wp-content\/uploads\/2020\/03\/micareta-foto-prefeitura-de-feira-de-santana.jpg 500w\" sizes=\"(max-width: 300px) 100vw, 300px\" \/><\/p>\n<p style=\"text-align: justify;\">A Secretaria da Sa\u00fade do Estado da Bahia (Sesab) nega ter elaborado, at\u00e9 a presente data (11 de mar\u00e7o), qualquer nota t\u00e9cnica\u00a0 se posicionando sobre a realiza\u00e7\u00e3o ou n\u00e3o da Micareta de Feira de Santana.<\/p>\n<p>A despeito do munic\u00edpio ser o epicentro dos dois \u00fanicos casos confirmados do novo coronav\u00edrus (Covid-19) na Bahia, os riscos epidemiol\u00f3gicos de um evento desse porte para a sa\u00fade p\u00fablica ainda encontram-se em an\u00e1lise pela equipe\u00a0 t\u00e9cnica da Sesab, atendendo solicita\u00e7\u00e3o protocolada pelo Minist\u00e9rio P\u00fablico da Bahia, no \u00faltimo dia 9.<\/p>\n<div style=\"text-align: justify;\">No site\u00a0<strong><a href=\"http:\/\/www.saude.ba.gov.br\/coronavirus\" target=\"_blank\" rel=\"noopener noreferrer\">www.saude.ba.gov.br\/coronavirus<\/a><\/strong>\u00a0\u00e9 poss\u00edvel encontrar uma s\u00e9rie de documentos e orienta\u00e7\u00f5es para profissionais de sa\u00fade,\u00a0 gestores p\u00fablicos e para a popula\u00e7\u00e3o. Cabe ressaltar que a \u00fanica nota t\u00e9cnica elaborada pela Comiss\u00e3o de Controle de Infec\u00e7\u00e3o Hospitalar (CCIH) estadual \u00e9 anterior aos casos confirmados e antecede o per\u00edodo do Carnaval.<\/div>\n","protected":false},"excerpt":{"rendered":"<p>A Secretaria da Sa\u00fade do Estado da Bahia (Sesab) nega ter elaborado, at\u00e9 a presente data (11 de mar\u00e7o), qualquer nota t\u00e9cnica\u00a0 se posicionando sobre a realiza\u00e7\u00e3o ou n\u00e3o da Micareta de Feira de Santana. A despeito do munic\u00edpio ser o epicentro dos dois \u00fanicos casos confirmados do novo coronav\u00edrus (Covid-19) na Bahia, os riscos [&hellip;]<\/p>\n","protected":false},"author":2,"featured_media":8609,"comment_status":"open","ping_status":"open","sticky":false,"template":"","format":"standard","meta":{"_links_to":"","_links_to_target":""},"categories":[522,516,517],"tags":[],"_links":{"self":[{"href":"https:\/\/www.portalleonovais.com.br\/v1\/wp-json\/wp\/v2\/posts\/8608"}],"collection":[{"href":"https:\/\/www.portalleonovais.com.br\/v1\/wp-json\/wp\/v2\/posts"}],"about":[{"href":"https:\/\/www.portalleonovais.com.br\/v1\/wp-json\/wp\/v2\/types\/post"}],"author":[{"embeddable":true,"href":"https:\/\/www.portalleonovais.com.br\/v1\/wp-json\/wp\/v2\/users\/2"}],"replies":[{"embeddable":true,"href":"https:\/\/www.portalleonovais.com.br\/v1\/wp-json\/wp\/v2\/comments?post=8608"}],"version-history":[{"count":0,"href":"https:\/\/www.portalleonovais.com.br\/v1\/wp-json\/wp\/v2\/posts\/8608\/revisions"}],"wp:featuredmedia":[{"embeddable":true,"href":"https:\/\/www.portalleonovais.com.br\/v1\/wp-json\/wp\/v2\/media\/8609"}],"wp:attachment":[{"href":"https:\/\/www.portalleonovais.com.br\/v1\/wp-json\/wp\/v2\/media?parent=8608"}],"wp:term":[{"taxonomy":"category","embeddable":true,"href":"https:\/\/www.portalleonovais.com.br\/v1\/wp-json\/wp\/v2\/categories?post=8608"},{"taxonomy":"post_tag","embeddable":true,"href":"https:\/\/www.portalleonovais.com.br\/v1\/wp-json\/wp\/v2\/tags?post=8608"}],"curies":[{"name":"wp","href":"https:\/\/api.w.org\/{rel}","templated":true}]}}