{"id":8947,"date":"2020-04-17T16:37:43","date_gmt":"2020-04-17T19:37:43","guid":{"rendered":"https:\/\/www.leonovaisnoticias.com.br\/v1\/?p=8947"},"modified":"2020-04-17T16:37:43","modified_gmt":"2020-04-17T19:37:43","slug":"camara-municipal-de-ilheus-fara-sessoes-virtuais","status":"publish","type":"post","link":"https:\/\/www.portalleonovais.com.br\/v1\/2020\/04\/17\/camara-municipal-de-ilheus-fara-sessoes-virtuais\/","title":{"rendered":"C\u00e2mara Municipal de Ilh\u00e9us far\u00e1 sess\u00f5es virtuais"},"content":{"rendered":"<p style=\"text-align: justify;\"><img decoding=\"async\" loading=\"lazy\" class=\"aligncenter size-medium wp-image-8948\" src=\"https:\/\/www.leonovaisnoticias.com.br\/v1\/wp-content\/uploads\/2020\/04\/CARD-300x216.jpeg\" alt=\"\" width=\"300\" height=\"216\" srcset=\"https:\/\/www.portalleonovais.com.br\/v1\/wp-content\/uploads\/2020\/04\/CARD-300x216.jpeg 300w, https:\/\/www.portalleonovais.com.br\/v1\/wp-content\/uploads\/2020\/04\/CARD-768x554.jpeg 768w, https:\/\/www.portalleonovais.com.br\/v1\/wp-content\/uploads\/2020\/04\/CARD-1024x738.jpeg 1024w, https:\/\/www.portalleonovais.com.br\/v1\/wp-content\/uploads\/2020\/04\/CARD.jpeg 1183w\" sizes=\"(max-width: 300px) 100vw, 300px\" \/><\/p>\n<p style=\"text-align: justify;\">O Legislativo ilheense decidiu que ser\u00e3o realizadas sess\u00f5es pelo m\u00e9todo de delibera\u00e7\u00e3o remota, que visa discutir e votar digitalmente os projetos de lei, requerimentos e indica\u00e7\u00f5es.<\/p>\n<p style=\"text-align: justify;\">De acordo com o presidente da C\u00e2mara de Ilh\u00e9us, C\u00e9sar Porto, a sess\u00e3o ser\u00e1 realizada por meio de um aplicativo, j\u00e1 instalado nos aparelhos de quase todos os vereadores, e vai garantir a volta \u00e0 normalidade das delibera\u00e7\u00f5es legislativas.<\/p>\n<p style=\"text-align: justify;\">Ap\u00f3s o prazo de oito dias que prorrogou os trabalhos legislativos, impostos pela Portaria 09\/2020, a C\u00e2mara vai ser reunir semanalmente. A previs\u00e3o \u00e9 de que as sess\u00f5es tenham in\u00edcio na ter\u00e7a-feira (28). Todas as sess\u00f5es virtuais estar\u00e3o dispon\u00edveis no canal da C\u00e2mara Municipal no YouTube.<\/p>\n","protected":false},"excerpt":{"rendered":"<p>O Legislativo ilheense decidiu que ser\u00e3o realizadas sess\u00f5es pelo m\u00e9todo de delibera\u00e7\u00e3o remota, que visa discutir e votar digitalmente os projetos de lei, requerimentos e indica\u00e7\u00f5es. De acordo com o presidente da C\u00e2mara de Ilh\u00e9us, C\u00e9sar Porto, a sess\u00e3o ser\u00e1 realizada por meio de um aplicativo, j\u00e1 instalado nos aparelhos de quase todos os vereadores, [&hellip;]<\/p>\n","protected":false},"author":2,"featured_media":8948,"comment_status":"open","ping_status":"open","sticky":false,"template":"","format":"standard","meta":{"_links_to":"","_links_to_target":""},"categories":[525],"tags":[],"_links":{"self":[{"href":"https:\/\/www.portalleonovais.com.br\/v1\/wp-json\/wp\/v2\/posts\/8947"}],"collection":[{"href":"https:\/\/www.portalleonovais.com.br\/v1\/wp-json\/wp\/v2\/posts"}],"about":[{"href":"https:\/\/www.portalleonovais.com.br\/v1\/wp-json\/wp\/v2\/types\/post"}],"author":[{"embeddable":true,"href":"https:\/\/www.portalleonovais.com.br\/v1\/wp-json\/wp\/v2\/users\/2"}],"replies":[{"embeddable":true,"href":"https:\/\/www.portalleonovais.com.br\/v1\/wp-json\/wp\/v2\/comments?post=8947"}],"version-history":[{"count":0,"href":"https:\/\/www.portalleonovais.com.br\/v1\/wp-json\/wp\/v2\/posts\/8947\/revisions"}],"wp:featuredmedia":[{"embeddable":true,"href":"https:\/\/www.portalleonovais.com.br\/v1\/wp-json\/wp\/v2\/media\/8948"}],"wp:attachment":[{"href":"https:\/\/www.portalleonovais.com.br\/v1\/wp-json\/wp\/v2\/media?parent=8947"}],"wp:term":[{"taxonomy":"category","embeddable":true,"href":"https:\/\/www.portalleonovais.com.br\/v1\/wp-json\/wp\/v2\/categories?post=8947"},{"taxonomy":"post_tag","embeddable":true,"href":"https:\/\/www.portalleonovais.com.br\/v1\/wp-json\/wp\/v2\/tags?post=8947"}],"curies":[{"name":"wp","href":"https:\/\/api.w.org\/{rel}","templated":true}]}}