{"id":4072,"count":1,"description":"","link":"https:\/\/www.portalleonovais.com.br\/v1\/tag\/treta-em-ilheus-prefeito-aciona-vereador-na-justica-apos-acusacoes-pesadas-nas-redes\/","name":"TRETA EM ILH\u00c9US! Prefeito aciona vereador na Justi\u00e7a ap\u00f3s acusa\u00e7\u00f5es pesadas nas redes","slug":"treta-em-ilheus-prefeito-aciona-vereador-na-justica-apos-acusacoes-pesadas-nas-redes","taxonomy":"post_tag","meta":[],"_links":{"self":[{"href":"https:\/\/www.portalleonovais.com.br\/v1\/wp-json\/wp\/v2\/tags\/4072"}],"collection":[{"href":"https:\/\/www.portalleonovais.com.br\/v1\/wp-json\/wp\/v2\/tags"}],"about":[{"href":"https:\/\/www.portalleonovais.com.br\/v1\/wp-json\/wp\/v2\/taxonomies\/post_tag"}],"wp:post_type":[{"href":"https:\/\/www.portalleonovais.com.br\/v1\/wp-json\/wp\/v2\/posts?tags=4072"}],"curies":[{"name":"wp","href":"https:\/\/api.w.org\/{rel}","templated":true}]}}